{"id":31146,"date":"2018-10-08T17:10:46","date_gmt":"2018-10-08T17:10:46","guid":{"rendered":""},"modified":"2018-10-08T17:10:46","modified_gmt":"2018-10-08T17:10:46","slug":"ministerios-de-trabajo-de-panama-y-colombia-intercambian-experiencias","status":"publish","type":"post","link":"https:\/\/sertv.gob.pa\/nacionalfm\/ministerios-de-trabajo-de-panama-y-colombia-intercambian-experiencias\/","title":{"rendered":"Ministerios de Trabajo de Panam\u00e1 y Colombia intercambian experiencias"},"content":{"rendered":"<p>\nDiana Hern\u00e1ndez, Subdirectora de An\u00e1lisis, Monitoreo y Prospectiva Laboral del Ministerio del Trabajo de Colombia y Hernando Rodr\u00edguez, Director Nacional de Empleo del Ministerio de Trabajo y Desarrollo Laboral (MITRADEL), sostuvieron recientemente, una reuni\u00f3n a fin de intercambiar experiencias en materia de desarrollo laboral y los programas en materia de pol\u00edticas de empleo que desarrollan ambas entidades. <\/p>\n<p>En ese tenor, la funcionaria colombiana, mostr\u00f3 particular inter\u00e9s en los programas desarrollados por la Direcci\u00f3n Nacional de Empleo a trav\u00e9s de la Unidad de Inteligencia del Mercado Laboral (UNIMEL) y toda la proyecci\u00f3n surgida a ra\u00edz de la publicaci\u00f3n del documento sobre las Pol\u00edticas P\u00fablicas de Empleo, elaborado a inicios de esta administraci\u00f3n con participaci\u00f3n de representantes de gobierno, trabajadores, empleadores, universidades y otras instituciones p\u00fablicas y privadas con un papel protag\u00f3nico en el campo laboral. <\/p>\n<p>De igual forma, recab\u00f3 informaci\u00f3n sobre las distintas estrategias sobre pol\u00edticas p\u00fablicas de empleo a nivel nacional implementadas por el MITRADEL, durante la presente administraci\u00f3n. <\/p>\n<p>En la reuni\u00f3n con la experta colombiana, participaron los coordinadores de los diferentes programas y departamentos de la Direcci\u00f3n de Empleo como son el Programa de Orientaci\u00f3n Laboral y Empleo (POVE), el Programa de Apoyo a la Inserci\u00f3n Laboral (PAIL), el Programa Panam\u00e1 Pro Joven, el Departamento de Intermediaci\u00f3n Laboral (DILA) y el Departamento de Integraci\u00f3n Socioecon\u00f3mica para las Personas con Discapacidad. <\/p>\n<p>Rodr\u00edguez, calific\u00f3 la visita como muy fruct\u00edfera, pues permiti\u00f3 retroalimentar a ambos Ministerios, con el intercambio de ideas y estrategias en materia de empleo y desarrollo laboral, lo cual redundar\u00e1 en beneficio de ambos pa\u00edses. <\/p>\n","protected":false},"excerpt":{"rendered":"<p>Diana Hern\u00e1ndez, Subdirectora de An\u00e1lisis, Monitoreo y Prospectiva Laboral del <a href=\"https:\/\/sertv.gob.pa\/nacionalfm\/ministerios-de-trabajo-de-panama-y-colombia-intercambian-experiencias\/\"> [&#8230;]<\/a><\/p>\n","protected":false},"author":1,"featured_media":31147,"comment_status":"closed","ping_status":"closed","sticky":false,"template":"","format":"standard","meta":{"footnotes":""},"categories":[2],"tags":[],"class_list":["post-31146","post","type-post","status-publish","format-standard","has-post-thumbnail","hentry","category-nacionales"],"_links":{"self":[{"href":"https:\/\/sertv.gob.pa\/nacionalfm\/wp-json\/wp\/v2\/posts\/31146","targetHints":{"allow":["GET"]}}],"collection":[{"href":"https:\/\/sertv.gob.pa\/nacionalfm\/wp-json\/wp\/v2\/posts"}],"about":[{"href":"https:\/\/sertv.gob.pa\/nacionalfm\/wp-json\/wp\/v2\/types\/post"}],"author":[{"embeddable":true,"href":"https:\/\/sertv.gob.pa\/nacionalfm\/wp-json\/wp\/v2\/users\/1"}],"replies":[{"embeddable":true,"href":"https:\/\/sertv.gob.pa\/nacionalfm\/wp-json\/wp\/v2\/comments?post=31146"}],"version-history":[{"count":0,"href":"https:\/\/sertv.gob.pa\/nacionalfm\/wp-json\/wp\/v2\/posts\/31146\/revisions"}],"wp:featuredmedia":[{"embeddable":true,"href":"https:\/\/sertv.gob.pa\/nacionalfm\/wp-json\/wp\/v2\/media\/31147"}],"wp:attachment":[{"href":"https:\/\/sertv.gob.pa\/nacionalfm\/wp-json\/wp\/v2\/media?parent=31146"}],"wp:term":[{"taxonomy":"category","embeddable":true,"href":"https:\/\/sertv.gob.pa\/nacionalfm\/wp-json\/wp\/v2\/categories?post=31146"},{"taxonomy":"post_tag","embeddable":true,"href":"https:\/\/sertv.gob.pa\/nacionalfm\/wp-json\/wp\/v2\/tags?post=31146"}],"curies":[{"name":"wp","href":"https:\/\/api.w.org\/{rel}","templated":true}]}}