{"id":31148,"date":"2018-10-08T17:37:39","date_gmt":"2018-10-08T17:37:39","guid":{"rendered":""},"modified":"2018-10-08T17:37:39","modified_gmt":"2018-10-08T17:37:39","slug":"reubican-fondas-cuara-y-cuara-al-remodelado-parque-francisco-arias-paredes","status":"publish","type":"post","link":"https:\/\/sertv.gob.pa\/nacionalfm\/reubican-fondas-cuara-y-cuara-al-remodelado-parque-francisco-arias-paredes\/","title":{"rendered":"Reubican fondas Cuara y Cuara al remodelado Parque Francisco Arias Paredes"},"content":{"rendered":"<p>\nLas populares fondas   Cuara y Cuara   que se hallaban funcionando de manera provisional en\u00a0m\u00f3dulos en la calle 35 Este y los estacionamientos del Ministerio de Econom\u00eda y Finanzas (MEF), ya se trasladaron hacia el remodelado Parque Francisco Arias Paredes,\u00a0ubicado en la Exposici\u00f3n, corregimiento de Calidonia, entre la avenida Per\u00fa y la avenida Cuba. <\/p>\n<p>Los m\u00f3dulos, fueron demolidos en el mes de septiembre, porque el terreno es propiedad del Ministerio de Econom\u00eda y Finanzas (MEF) y \u00fanicamente fue concedido para que las fondas operaran durante el proceso de construcci\u00f3n. <\/p>\n<p>Con esta gesti\u00f3n, el pueblo paname\u00f1o, ahora puede seguir visitando el parque y disfrutar de un variado men\u00fa gastron\u00f3mico con las mismas recetas de las antiguas fondas que ahora son nuevos restaurantes en el mismo lugar, pero con mejores condiciones, un \u00e1rea de expendio de alimentos climatizado,\u00a0un \u00e1rea verde para todas las familias,\u00a0un nuevo y moderno paisaje.\u00a0 <\/p>\n<p>En el mismo parque, se encuentra igualmente,\u00a0 el Centro de Pago y entrega de placas automatizado de la tesorer\u00eda Municipal con horario extendido de lunes a s\u00e1bado, donde podr\u00e1 efectuar el tr\u00e1mite y pago de impuesto de placa, adem\u00e1s cuenta con la comodidad de 400 estacionamientos soterrados distribuidos en 2 pisos. Este parque con estacionamiento soterrado, pretende brindarles a los visitantes y contribuyentes, espacios c\u00f3modos para caminar, adem\u00e1s de ofrecer una ciudad m\u00e1s amigable y vistosa, construcci\u00f3n que no represent\u00f3 ninguna inversi\u00f3n para la Alcald\u00eda de Panam\u00e1. <\/p>\n<p>Al mismo tiempo, cuenta con una plaza central para ejecutar actividades culturales, nueva arborizaci\u00f3n, luminarias led, y recordarles que las fondas   \u00abCuara y Cuara\u00bb,   las m\u00e1s populares fueron trasladadas al sitio, para devolverle al parque, esa tradici\u00f3n culinaria tan gustada por los paname\u00f1os. <\/p>\n","protected":false},"excerpt":{"rendered":"<p>Las populares fondas Cuara y Cuara que se hallaban funcionando <a href=\"https:\/\/sertv.gob.pa\/nacionalfm\/reubican-fondas-cuara-y-cuara-al-remodelado-parque-francisco-arias-paredes\/\"> [&#8230;]<\/a><\/p>\n","protected":false},"author":1,"featured_media":31149,"comment_status":"closed","ping_status":"closed","sticky":false,"template":"","format":"standard","meta":{"footnotes":""},"categories":[2],"tags":[],"class_list":["post-31148","post","type-post","status-publish","format-standard","has-post-thumbnail","hentry","category-nacionales"],"_links":{"self":[{"href":"https:\/\/sertv.gob.pa\/nacionalfm\/wp-json\/wp\/v2\/posts\/31148","targetHints":{"allow":["GET"]}}],"collection":[{"href":"https:\/\/sertv.gob.pa\/nacionalfm\/wp-json\/wp\/v2\/posts"}],"about":[{"href":"https:\/\/sertv.gob.pa\/nacionalfm\/wp-json\/wp\/v2\/types\/post"}],"author":[{"embeddable":true,"href":"https:\/\/sertv.gob.pa\/nacionalfm\/wp-json\/wp\/v2\/users\/1"}],"replies":[{"embeddable":true,"href":"https:\/\/sertv.gob.pa\/nacionalfm\/wp-json\/wp\/v2\/comments?post=31148"}],"version-history":[{"count":0,"href":"https:\/\/sertv.gob.pa\/nacionalfm\/wp-json\/wp\/v2\/posts\/31148\/revisions"}],"wp:featuredmedia":[{"embeddable":true,"href":"https:\/\/sertv.gob.pa\/nacionalfm\/wp-json\/wp\/v2\/media\/31149"}],"wp:attachment":[{"href":"https:\/\/sertv.gob.pa\/nacionalfm\/wp-json\/wp\/v2\/media?parent=31148"}],"wp:term":[{"taxonomy":"category","embeddable":true,"href":"https:\/\/sertv.gob.pa\/nacionalfm\/wp-json\/wp\/v2\/categories?post=31148"},{"taxonomy":"post_tag","embeddable":true,"href":"https:\/\/sertv.gob.pa\/nacionalfm\/wp-json\/wp\/v2\/tags?post=31148"}],"curies":[{"name":"wp","href":"https:\/\/api.w.org\/{rel}","templated":true}]}}