{"id":31150,"date":"2018-10-08T18:38:24","date_gmt":"2018-10-08T18:38:24","guid":{"rendered":""},"modified":"2018-10-08T18:38:24","modified_gmt":"2018-10-08T18:38:24","slug":"bomberos-realizan-practicas-de-maniobras-de-rescate-vertical","status":"publish","type":"post","link":"https:\/\/sertv.gob.pa\/nacionalfm\/bomberos-realizan-practicas-de-maniobras-de-rescate-vertical\/","title":{"rendered":"Bomberos realizan pr\u00e1cticas de maniobras de rescate vertical"},"content":{"rendered":"<p>\nEmpleando cuerdas, arn\u00e9s y poleas para descender o ascender, bomberos voluntarios de la Compa\u00f1\u00eda 13, desarrollaron diversas pr\u00e1cticas de rescate vertical. <\/p>\n<p>Las maniobras, practicadas desde alturas considerables, buscan preparar al personal bomberil ante situaciones de subir y bajar pacientes o lesionados v\u00edctimas de alg\u00fan accidente. Para estar entrenados en esta especialidad, se ejecutan de forma permanente, ejercicios a fin de aprender los conceptos asociados a nudos y anclajes necesarios para el manejo de cuerdas. <\/p>\n<p>La seguridad es primordial a la hora de atender este tipo de emergencia, por lo que se utilizan equipos especiales como: arn\u00e9s, guantes, cascos, cuerdas, entre otros. <\/p>\n<p>En ese sentido, refrescar conocimientos y estar preparados para cuando ocurra una emergencia, es la misi\u00f3n de este grupo de hombres y mujeres que conforman las filas del Benem\u00e9rito Cuerpo de Bomberos de la Rep\u00fablica de Panam\u00e1, quienes se encuentran al servicio de las comunidades. <\/p>\n","protected":false},"excerpt":{"rendered":"<p>Empleando cuerdas, arn\u00e9s y poleas para descender o ascender, bomberos <a href=\"https:\/\/sertv.gob.pa\/nacionalfm\/bomberos-realizan-practicas-de-maniobras-de-rescate-vertical\/\"> [&#8230;]<\/a><\/p>\n","protected":false},"author":1,"featured_media":31151,"comment_status":"closed","ping_status":"closed","sticky":false,"template":"","format":"standard","meta":{"footnotes":""},"categories":[2],"tags":[],"class_list":["post-31150","post","type-post","status-publish","format-standard","has-post-thumbnail","hentry","category-nacionales"],"_links":{"self":[{"href":"https:\/\/sertv.gob.pa\/nacionalfm\/wp-json\/wp\/v2\/posts\/31150","targetHints":{"allow":["GET"]}}],"collection":[{"href":"https:\/\/sertv.gob.pa\/nacionalfm\/wp-json\/wp\/v2\/posts"}],"about":[{"href":"https:\/\/sertv.gob.pa\/nacionalfm\/wp-json\/wp\/v2\/types\/post"}],"author":[{"embeddable":true,"href":"https:\/\/sertv.gob.pa\/nacionalfm\/wp-json\/wp\/v2\/users\/1"}],"replies":[{"embeddable":true,"href":"https:\/\/sertv.gob.pa\/nacionalfm\/wp-json\/wp\/v2\/comments?post=31150"}],"version-history":[{"count":0,"href":"https:\/\/sertv.gob.pa\/nacionalfm\/wp-json\/wp\/v2\/posts\/31150\/revisions"}],"wp:featuredmedia":[{"embeddable":true,"href":"https:\/\/sertv.gob.pa\/nacionalfm\/wp-json\/wp\/v2\/media\/31151"}],"wp:attachment":[{"href":"https:\/\/sertv.gob.pa\/nacionalfm\/wp-json\/wp\/v2\/media?parent=31150"}],"wp:term":[{"taxonomy":"category","embeddable":true,"href":"https:\/\/sertv.gob.pa\/nacionalfm\/wp-json\/wp\/v2\/categories?post=31150"},{"taxonomy":"post_tag","embeddable":true,"href":"https:\/\/sertv.gob.pa\/nacionalfm\/wp-json\/wp\/v2\/tags?post=31150"}],"curies":[{"name":"wp","href":"https:\/\/api.w.org\/{rel}","templated":true}]}}