{"id":31158,"date":"2018-10-08T20:33:55","date_gmt":"2018-10-08T20:33:55","guid":{"rendered":""},"modified":"2018-10-08T20:33:55","modified_gmt":"2018-10-08T20:33:55","slug":"panama-se-solidariza-con-haiti","status":"publish","type":"post","link":"https:\/\/sertv.gob.pa\/nacionalfm\/panama-se-solidariza-con-haiti\/","title":{"rendered":"Panam\u00e1 se solidariza con Hait\u00ed"},"content":{"rendered":"<p>\nEl Gobierno y pueblo de la Rep\u00fablica de Panam\u00e1 se solidarizan con la Rep\u00fablica de Hait\u00ed por la p\u00e9rdida de vidas y las decenas de heridos causados por el terremoto ocurrido\u00a0 durante la madrugada de este domingo en el extremo norte del pa\u00eds. <\/p>\n<p>La Rep\u00fablica de Panam\u00e1 a trav\u00e9s del Ministerio de Relaciones Exteriores extiende sus condolencias a los familiares y amigos de las v\u00edctimas y conf\u00eda en que la tenacidad del pueblo haitiano les permitir\u00e1 recuperarse de esta tragedia. <\/p>\n<p>\u00a0 <\/p>\n","protected":false},"excerpt":{"rendered":"<p>El Gobierno y pueblo de la Rep\u00fablica de Panam\u00e1 se <a href=\"https:\/\/sertv.gob.pa\/nacionalfm\/panama-se-solidariza-con-haiti\/\"> [&#8230;]<\/a><\/p>\n","protected":false},"author":1,"featured_media":31159,"comment_status":"closed","ping_status":"closed","sticky":false,"template":"","format":"standard","meta":{"footnotes":""},"categories":[2],"tags":[],"class_list":["post-31158","post","type-post","status-publish","format-standard","has-post-thumbnail","hentry","category-nacionales"],"_links":{"self":[{"href":"https:\/\/sertv.gob.pa\/nacionalfm\/wp-json\/wp\/v2\/posts\/31158","targetHints":{"allow":["GET"]}}],"collection":[{"href":"https:\/\/sertv.gob.pa\/nacionalfm\/wp-json\/wp\/v2\/posts"}],"about":[{"href":"https:\/\/sertv.gob.pa\/nacionalfm\/wp-json\/wp\/v2\/types\/post"}],"author":[{"embeddable":true,"href":"https:\/\/sertv.gob.pa\/nacionalfm\/wp-json\/wp\/v2\/users\/1"}],"replies":[{"embeddable":true,"href":"https:\/\/sertv.gob.pa\/nacionalfm\/wp-json\/wp\/v2\/comments?post=31158"}],"version-history":[{"count":0,"href":"https:\/\/sertv.gob.pa\/nacionalfm\/wp-json\/wp\/v2\/posts\/31158\/revisions"}],"wp:featuredmedia":[{"embeddable":true,"href":"https:\/\/sertv.gob.pa\/nacionalfm\/wp-json\/wp\/v2\/media\/31159"}],"wp:attachment":[{"href":"https:\/\/sertv.gob.pa\/nacionalfm\/wp-json\/wp\/v2\/media?parent=31158"}],"wp:term":[{"taxonomy":"category","embeddable":true,"href":"https:\/\/sertv.gob.pa\/nacionalfm\/wp-json\/wp\/v2\/categories?post=31158"},{"taxonomy":"post_tag","embeddable":true,"href":"https:\/\/sertv.gob.pa\/nacionalfm\/wp-json\/wp\/v2\/tags?post=31158"}],"curies":[{"name":"wp","href":"https:\/\/api.w.org\/{rel}","templated":true}]}}