{"id":31164,"date":"2018-10-09T14:08:19","date_gmt":"2018-10-09T14:08:19","guid":{"rendered":""},"modified":"2018-10-09T14:08:19","modified_gmt":"2018-10-09T14:08:19","slug":"cancilleria-de-panama-labra-excelencia-profesional-de-sus-funcionarios","status":"publish","type":"post","link":"https:\/\/sertv.gob.pa\/nacionalfm\/cancilleria-de-panama-labra-excelencia-profesional-de-sus-funcionarios\/","title":{"rendered":"Canciller\u00eda de Panam\u00e1, labra excelencia profesional de sus funcionarios"},"content":{"rendered":"<p>\nA fin de estrechar\u00a0 los v\u00ednculos\u00a0 con\u00a0 instituciones acad\u00e9micas nacionales e internacionales con miras al\u00a0continuo fortalecimiento profesional del Ministerio de Relaciones Exteriores, la Vicepresidenta y Ministra, Isabel De Saint Malo de Alvarado, se\u00a0 reuni\u00f3 en fecha reciente, con Jorge A. Arguindegui, Rector de la Universidad Alta Direcci\u00f3n adscrita al Grupo Educativo ADEN, especialista\u00a0 tanto en modalidad presencial como e-learning, con 23 sedes distribuidas en 17 pa\u00edses de Am\u00e9rica Latina y Europa.\u00a0\u00a0 <\/p>\n<p>En ese sentido, la Vicepresidenta y Canciller comparti\u00f3 el inter\u00e9s\u00a0 de la administraci\u00f3n de seguir profesionalizando y actualizando\u00a0 al personal\u00a0 de la entidad, a trav\u00e9s de la Academia Diplom\u00e1tica y Consular,\u00a0 utilizando la \u00faltima tecnolog\u00eda de aprendizaje,\u00a0 las m\u00e1s avanzadas herramientas y habilidades de gesti\u00f3n, que le permita\u00a0 desenvolverse de forma exitosa en el contexto internacional. <\/p>\n<p>Cabe resaltar, que el Ministerio de Relaciones Exteriores de la Rep\u00fablica de Panam\u00e1, desarrolla, a trav\u00e9s de la Academia Diplom\u00e1tica, uno de los pilares\u00a0 del Plan Estrat\u00e9gico 2014-2019,\u00a0 dirigido a las personas como agentes de cambio y en ese contexto,\u00a0 organiza\u00a0 los\u00a0 Concursos P\u00fablicos\u00a0 de Ingreso a la Carrera Diplom\u00e1tica y Consular,\u00a0 los Programas de Formaci\u00f3n Acad\u00e9mica y Profesional, las Pasant\u00edas,\u00a0 Conferencias, C\u00e1tedras Itinerantes, entre otras muchas actividades\u00a0 con la finalidad de \u00a0de formar profesionales emprendedores y comprometidos con la sociedad. <\/p>\n<p>\u00a0 <\/p>\n<p>\u00a0 <\/p>\n<p>\u00a0 <\/p>\n","protected":false},"excerpt":{"rendered":"<p>A fin de estrechar\u00a0 los v\u00ednculos\u00a0 con\u00a0 instituciones acad\u00e9micas nacionales <a href=\"https:\/\/sertv.gob.pa\/nacionalfm\/cancilleria-de-panama-labra-excelencia-profesional-de-sus-funcionarios\/\"> [&#8230;]<\/a><\/p>\n","protected":false},"author":1,"featured_media":31165,"comment_status":"closed","ping_status":"closed","sticky":false,"template":"","format":"standard","meta":{"footnotes":""},"categories":[2],"tags":[],"class_list":["post-31164","post","type-post","status-publish","format-standard","has-post-thumbnail","hentry","category-nacionales"],"_links":{"self":[{"href":"https:\/\/sertv.gob.pa\/nacionalfm\/wp-json\/wp\/v2\/posts\/31164","targetHints":{"allow":["GET"]}}],"collection":[{"href":"https:\/\/sertv.gob.pa\/nacionalfm\/wp-json\/wp\/v2\/posts"}],"about":[{"href":"https:\/\/sertv.gob.pa\/nacionalfm\/wp-json\/wp\/v2\/types\/post"}],"author":[{"embeddable":true,"href":"https:\/\/sertv.gob.pa\/nacionalfm\/wp-json\/wp\/v2\/users\/1"}],"replies":[{"embeddable":true,"href":"https:\/\/sertv.gob.pa\/nacionalfm\/wp-json\/wp\/v2\/comments?post=31164"}],"version-history":[{"count":0,"href":"https:\/\/sertv.gob.pa\/nacionalfm\/wp-json\/wp\/v2\/posts\/31164\/revisions"}],"wp:featuredmedia":[{"embeddable":true,"href":"https:\/\/sertv.gob.pa\/nacionalfm\/wp-json\/wp\/v2\/media\/31165"}],"wp:attachment":[{"href":"https:\/\/sertv.gob.pa\/nacionalfm\/wp-json\/wp\/v2\/media?parent=31164"}],"wp:term":[{"taxonomy":"category","embeddable":true,"href":"https:\/\/sertv.gob.pa\/nacionalfm\/wp-json\/wp\/v2\/categories?post=31164"},{"taxonomy":"post_tag","embeddable":true,"href":"https:\/\/sertv.gob.pa\/nacionalfm\/wp-json\/wp\/v2\/tags?post=31164"}],"curies":[{"name":"wp","href":"https:\/\/api.w.org\/{rel}","templated":true}]}}