{"id":31168,"date":"2018-10-09T14:57:13","date_gmt":"2018-10-09T14:57:13","guid":{"rendered":""},"modified":"2018-10-09T14:57:13","modified_gmt":"2018-10-09T14:57:13","slug":"panama-deja-ver-en-paris-su-riqueza-cultural","status":"publish","type":"post","link":"https:\/\/sertv.gob.pa\/nacionalfm\/panama-deja-ver-en-paris-su-riqueza-cultural\/","title":{"rendered":"Panam\u00e1, deja ver en Par\u00eds, su \u201cRiqueza Cultural\u201d"},"content":{"rendered":"<p>\nLa Vicepresidenta y Canciller Isabel De Saint Malo de Alvarado, inaugur\u00f3 el lunes, 8 de octubre, en Par\u00eds, Francia, la exhibici\u00f3n   &ldquo;Panam\u00e1,     conectando culturas para el desarrollo sostenible&rdquo;,   en la sede de la Organizaci\u00f3n de las Naciones Unidas para la Educaci\u00f3n, la Ciencia y la Cultura (UNESCO). Por espacio de dos semanas, el pa\u00eds dar\u00e1 a conocer su riqueza cultural y su compromiso con los temas prioritarios de la agenda de desarrollo. <\/p>\n<p>Despu\u00e9s del recorrido inicial junto a la Directora General de la UNESCO, Audrey Azoulay, la Vicepresidenta, comparti\u00f3 con los m\u00e1s de 800 invitados presentes, que Panam\u00e1 forma parte de la Red de Ciudades Creativas en Gastronom\u00eda de UNESCO, y que \u00e9ste 2019, la ciudad &ldquo;cumplir\u00e1 500 a\u00f1os de brindarle a la humanidad una ruta para alcanzar nuevas fronteras, intercambiar bienes e ideas&rdquo;. Resalt\u00f3, que trav\u00e9s de los a\u00f1os, por su posici\u00f3n geogr\u00e1fica, Panam\u00e1, ha acogido a visitantes de todo el mundo y que han forjado la diversa cultura paname\u00f1a, dejado huella en muchos rincones del pa\u00eds, como el Casco Antiguo, sitio considerado por la UNESCO, como  Patrimonio de la Humanidad. \u00a0 <\/p>\n<p>Se\u00f1al\u00f3, que la exhibici\u00f3n demuestra que el rol de Panam\u00e1 como &ldquo;la gran conexi\u00f3n&rdquo; va m\u00e1s all\u00e1 de su plataforma comercial y de transporte, y pone en evidencia su vocaci\u00f3n como un pa\u00eds que promueve el di\u00e1logo y tiende puentes entre naciones. Invit\u00f3 a visitar la exhibici\u00f3n\u00a0 para conocer el verdadero Panam\u00e1, &ldquo;el que representa a 4 millones de paname\u00f1os y del que estoy muy orgullosa&rdquo;. <\/p>\n<p>A la postre, intervino el Director General Adjunto de la UNESCO, Xing Qu, quien destac\u00f3\u00a0 la fuerte y colaborativa alianza con Panam\u00e1, y felicit\u00f3 el programa de Diplomacia Cultural que ejecuta la Canciller\u00eda. Extendi\u00f3 un reconocimiento a la &ldquo;incre\u00edble lista de patrimonio hist\u00f3rico, material e inmaterial&rdquo; de Panam\u00e1 y a\u00f1adi\u00f3 que se examina la inclusi\u00f3n de la cultura y baile congo en este listado. Igualmente, hizo part\u00edcipes a los presentes que Panam\u00e1, acoger\u00e1 en octubre y noviembre encuentros globales y regionales en materia cultural, que convierten al pa\u00eds en la  &ldquo;capital de la cultura&rdquo;  durante este per\u00edodo. En la inauguraci\u00f3n, se present\u00f3 el grupo Afrodisiaco y se realiz\u00f3 una degustaci\u00f3n de la gastronom\u00eda y el caf\u00e9 Geisha de Panam\u00e1, por parte los Chefs Isaac Villaverde, Mario Castrell\u00f3n y el barista Alberto Berm\u00fadez.\u00a0 <\/p>\n<p>\u00a0Once entidades paname\u00f1as, coordinadas por la Canciller\u00eda de Panam\u00e1, bajo el programa de Diplomacia Cultural, han trabajado para hacer posible una completa muestra con murales, muestras videogr\u00e1ficas, conversatorios y presentaciones de lo mejor de la cultura paname\u00f1a, su patrimonio, historia, m\u00fasica, gastronom\u00eda, cine, artesan\u00edas, la oferta tur\u00edstica y otras fortalezas y proyectos nacionales. Hasta el 19 de octubre, habr\u00e1n 14 exhibiciones de las vestimentas t\u00edpicas nacionales, los pueblos originarios,\u00a0artesanos con demostraciones de la confecci\u00f3n del Sombrero Pintao, un punto de lectura con obras editadas por instituciones paname\u00f1as, y la transmisi\u00f3n las pel\u00edculas \u00abHistorias del Canal\u00bb y &ldquo;Panam\u00e9&rdquo;. <\/p>\n<p> Panam\u00e1 fortalece v\u00ednculos con la Unesco\u00a0 \u00a0 <\/p>\n<p>Previo a la ceremonia inaugural, la Canciller paname\u00f1a, fue recibida por la Directora General de la Unesco, Audrey Azoulay, y los Directores de Ciencias Naturales y Comunicaci\u00f3n, Flavia Schlegel y Moez Chakchouk, respectivamente, quienes manifestaron su gran satisfacci\u00f3n por el reciente lanzamiento de la estrategia de Diplomacia Cient\u00edfica, Tecnol\u00f3gica y de Innovaci\u00f3n en Panam\u00e1, destacando que &ldquo;incorpora a la pol\u00edtica exterior un \u00e1mbito tan relevante para el desarrollo&rdquo;, y en \u00e9ste sentido revelaron su inter\u00e9s en dar seguimiento a la experiencia de Panam\u00e1 y apoyar al pa\u00eds en el proceso.\u00a0 En esa l\u00ednea, se acord\u00f3 avanzar con la organizaci\u00f3n de un curso en conjunto con la Academia Diplom\u00e1tica en temas de inter\u00e9s relacionados. <\/p>\n<p>Los representantes de la UNESCO, compartieron que la organizaci\u00f3n est\u00e1 desarrollando indicadores para medir el acceso de ciudadanos a la tecnolog\u00eda. <\/p>\n<p>Acompa\u00f1aron a la Vicepresidenta, el Embajador de Panam\u00e1 en Francia, Jos\u00e9 Alberto F\u00e1brega, y el Delegado Permanente de Panam\u00e1 ante la UNESCO, Embajador Flavio M\u00e9ndez. <\/p>\n","protected":false},"excerpt":{"rendered":"<p>La Vicepresidenta y Canciller Isabel De Saint Malo de Alvarado, <a href=\"https:\/\/sertv.gob.pa\/nacionalfm\/panama-deja-ver-en-paris-su-riqueza-cultural\/\"> [&#8230;]<\/a><\/p>\n","protected":false},"author":1,"featured_media":31169,"comment_status":"closed","ping_status":"closed","sticky":false,"template":"","format":"standard","meta":{"footnotes":""},"categories":[2],"tags":[],"class_list":["post-31168","post","type-post","status-publish","format-standard","has-post-thumbnail","hentry","category-nacionales"],"_links":{"self":[{"href":"https:\/\/sertv.gob.pa\/nacionalfm\/wp-json\/wp\/v2\/posts\/31168","targetHints":{"allow":["GET"]}}],"collection":[{"href":"https:\/\/sertv.gob.pa\/nacionalfm\/wp-json\/wp\/v2\/posts"}],"about":[{"href":"https:\/\/sertv.gob.pa\/nacionalfm\/wp-json\/wp\/v2\/types\/post"}],"author":[{"embeddable":true,"href":"https:\/\/sertv.gob.pa\/nacionalfm\/wp-json\/wp\/v2\/users\/1"}],"replies":[{"embeddable":true,"href":"https:\/\/sertv.gob.pa\/nacionalfm\/wp-json\/wp\/v2\/comments?post=31168"}],"version-history":[{"count":0,"href":"https:\/\/sertv.gob.pa\/nacionalfm\/wp-json\/wp\/v2\/posts\/31168\/revisions"}],"wp:featuredmedia":[{"embeddable":true,"href":"https:\/\/sertv.gob.pa\/nacionalfm\/wp-json\/wp\/v2\/media\/31169"}],"wp:attachment":[{"href":"https:\/\/sertv.gob.pa\/nacionalfm\/wp-json\/wp\/v2\/media?parent=31168"}],"wp:term":[{"taxonomy":"category","embeddable":true,"href":"https:\/\/sertv.gob.pa\/nacionalfm\/wp-json\/wp\/v2\/categories?post=31168"},{"taxonomy":"post_tag","embeddable":true,"href":"https:\/\/sertv.gob.pa\/nacionalfm\/wp-json\/wp\/v2\/tags?post=31168"}],"curies":[{"name":"wp","href":"https:\/\/api.w.org\/{rel}","templated":true}]}}