{"id":31170,"date":"2018-10-09T15:58:48","date_gmt":"2018-10-09T15:58:48","guid":{"rendered":""},"modified":"2018-10-09T15:58:48","modified_gmt":"2018-10-09T15:58:48","slug":"panama-y-china-comienzan-tercera-ronda-de-negociaciones","status":"publish","type":"post","link":"https:\/\/sertv.gob.pa\/nacionalfm\/panama-y-china-comienzan-tercera-ronda-de-negociaciones\/","title":{"rendered":"Panam\u00e1 y China comienzan Tercera Ronda de Negociaciones"},"content":{"rendered":"<p>\nLos equipos de Panam\u00e1 y la Rep\u00fablica Popular China, inician \u00e9ste martes, 9 de octubre en esta capital, la Tercera Ronda de Negociaciones para al Acuerdo Comercial entre ambas naciones. <\/p>\n<p>Acorde con el ministro de Comercio e Industrias, Augusto Arosemena, las primera y segunda rondas, establecieron una muy buena base de cara al desarrollo que las que siguen. <\/p>\n<p>&ldquo;Llegamos a la Tercera Ronda, luego de dos rondas intensas en las que los equipos negociadores han logrado acordar importantes aspectos tanto de forma como de fondo; tenemos una buena base para a partir de esta ronda en Panam\u00e1 avanzar en el contenido del acuerdo&rdquo;, explic\u00f3. <\/p>\n<p>Por su parte, el Jefe Negociador paname\u00f1o, Alberto Alem\u00e1n Arias, adicion\u00f3, que durante la ronda que inicia \u00e9ste martes, &ldquo;los equipos negociadores identificar\u00e1n posiciones en las que tengan coincidencias para posteriormente iniciar la negociaci\u00f3n en las l\u00edneas de productos afines&rdquo;. <\/p>\n<p>Alem\u00e1n Arias, tambi\u00e9n exterioriz\u00f3, que durante la Tercer Ronda, se espera avanzar de forma significativa en cap\u00edtulos como el de Barreras al Comercio, Procedimientos aduaneros y facilitaci\u00f3n del comercio; as\u00ed como propiedad intelectual y comercio electr\u00f3nico. <\/p>\n<p>El Jefe Negociador, reiter\u00f3 la importancia de la participaci\u00f3n activa del sector privado durante las negociaciones a trav\u00e9s del Sal\u00f3n Adjunto, habilitado especialmente para generar interacci\u00f3n con Equipo Negociador de Panam\u00e1, que hace un informe de avance al final de cada d\u00eda de negociaciones. <\/p>\n<p>El pasado 12 de junio, Panam\u00e1 y China, lanzaron oficialmente\u00a0en la ciudad de Beijing,\u00a0las negociaciones del Acuerdo Comercial\u00a0al cumplirse un a\u00f1o de las\u00a0 relaciones diplom\u00e1ticas entre ambos pa\u00edses. La Primera Ronda de Negociaciones, se celebr\u00f3 en Ciudad de Panam\u00e1 del 20 al 24 de agosto. <\/p>\n<p>China, es el tercer destino de las exportaciones paname\u00f1as con m\u00e1s de 42 millones de d\u00f3lares en 2017.\u00a0La balanza comercial entre ambas naciones, se complementa tomando en cuenta el hecho de que Panam\u00e1, \u00a0\u00a0\u00a0\u00a0exporta al mercado chino principalmente caf\u00e9, pieles de bovino y harina de pescado, mientras que China importa hacia nuestro pa\u00eds productos de alta tecnolog\u00eda. <\/p>\n","protected":false},"excerpt":{"rendered":"<p>Los equipos de Panam\u00e1 y la Rep\u00fablica Popular China, inician <a href=\"https:\/\/sertv.gob.pa\/nacionalfm\/panama-y-china-comienzan-tercera-ronda-de-negociaciones\/\"> [&#8230;]<\/a><\/p>\n","protected":false},"author":1,"featured_media":31171,"comment_status":"closed","ping_status":"closed","sticky":false,"template":"","format":"standard","meta":{"footnotes":""},"categories":[2],"tags":[],"class_list":["post-31170","post","type-post","status-publish","format-standard","has-post-thumbnail","hentry","category-nacionales"],"_links":{"self":[{"href":"https:\/\/sertv.gob.pa\/nacionalfm\/wp-json\/wp\/v2\/posts\/31170","targetHints":{"allow":["GET"]}}],"collection":[{"href":"https:\/\/sertv.gob.pa\/nacionalfm\/wp-json\/wp\/v2\/posts"}],"about":[{"href":"https:\/\/sertv.gob.pa\/nacionalfm\/wp-json\/wp\/v2\/types\/post"}],"author":[{"embeddable":true,"href":"https:\/\/sertv.gob.pa\/nacionalfm\/wp-json\/wp\/v2\/users\/1"}],"replies":[{"embeddable":true,"href":"https:\/\/sertv.gob.pa\/nacionalfm\/wp-json\/wp\/v2\/comments?post=31170"}],"version-history":[{"count":0,"href":"https:\/\/sertv.gob.pa\/nacionalfm\/wp-json\/wp\/v2\/posts\/31170\/revisions"}],"wp:featuredmedia":[{"embeddable":true,"href":"https:\/\/sertv.gob.pa\/nacionalfm\/wp-json\/wp\/v2\/media\/31171"}],"wp:attachment":[{"href":"https:\/\/sertv.gob.pa\/nacionalfm\/wp-json\/wp\/v2\/media?parent=31170"}],"wp:term":[{"taxonomy":"category","embeddable":true,"href":"https:\/\/sertv.gob.pa\/nacionalfm\/wp-json\/wp\/v2\/categories?post=31170"},{"taxonomy":"post_tag","embeddable":true,"href":"https:\/\/sertv.gob.pa\/nacionalfm\/wp-json\/wp\/v2\/tags?post=31170"}],"curies":[{"name":"wp","href":"https:\/\/api.w.org\/{rel}","templated":true}]}}