{"id":31182,"date":"2018-10-09T19:34:44","date_gmt":"2018-10-09T19:34:44","guid":{"rendered":""},"modified":"2018-10-09T19:34:44","modified_gmt":"2018-10-09T19:34:44","slug":"se-aproxima-proceso-de-inscripcion-para-capacitaciones-verano-2019","status":"publish","type":"post","link":"https:\/\/sertv.gob.pa\/nacionalfm\/se-aproxima-proceso-de-inscripcion-para-capacitaciones-verano-2019\/","title":{"rendered":"Se aproxima proceso de inscripci\u00f3n para capacitaciones \u201cVerano 2019\u201d"},"content":{"rendered":"<p>\n  Las autoridades del Ministerio de Educaci\u00f3n de la Rep\u00fablica de Panam\u00e1, a trav\u00e9s de nota, dan a conocer lo siguiente:   <\/p>\n<p>\u00a0 <\/p>\n<p>La Direcci\u00f3n \u00a0Nacional de Formaci\u00f3n y Perfeccionamiento Profesional del Ministerio de Educaci\u00f3n informa a los docentes de todo el pa\u00eds, que las inscripciones para las capacitaciones de verano 2019 est\u00e1n abiertas. <\/p>\n<p>Este a\u00f1o tendremos,\u00a0\u00a0adem\u00e1s de los seminarios presenciales, la modalidad de los cursos semipresenciales ofrecidos por asesores tecnol\u00f3gicos de aprendizaje en diferentes regiones, con una duraci\u00f3n de dos (2) meses, el cual inicia el martes 29 de enero y finaliza\u00a0\u00a0el viernes 29 de marzo de 2019. <\/p>\n<p>Las jornadas de instrucci\u00f3n verano 2019\u00a0se desarrollar\u00e1n del 4 de febrero al\u00a015 de febrero\u00a02019, con el objetivo de\u00a0\u00a0fortalecer las estrategias y actividades relacionadas con el proceso de aprendizaje de nuestros estudiantes. <\/p>\n<p>Este programa permitir\u00e1 a los docentes, en ejercicio, la oportunidad de asistir a seminarios los cuales, sin lugar a dudas, ofrecer\u00e1n significativos aportes para mejorar\u00a0\u00a0las pr\u00e1cticas pedag\u00f3gicas en nuestro sistema educativo paname\u00f1o. <\/p>\n<p>Para participar en los cursos es\u00a0indispensable\u00a0que se realice el proceso de inscripci\u00f3n en la p\u00e1gina web del\u00a0portal educativo\u00a0 www.educapanama.edu.pa  <\/p>\n<p>Las\u00a0\u00a0capacitaciones ser\u00e1n desarrolladas\u00a0\u00a0en todas las Regiones Escolares de la Rep\u00fablica de Panam\u00e1. Estas instrucciones semipresenciales permiten la inscripci\u00f3n de 25 participantes y cada uno deber\u00e1 llevar una computadora laptop. <\/p>\n<p> Pasos para el proceso de inscripci\u00f3n a los seminarios:  <\/p>\n<p>Para su mayor comodidad elija la Regi\u00f3n Escolar y seleccione en el mapa\u00a0 el seminario de su inter\u00e9s. <\/p>\n<p>Favor inscribirse s\u00f3lo en un tema con el fin de facilitar oportunidades para otros colegas. <\/p>\n<p>Al momento de anotarse, luego de haber seleccionado el seminario de su inter\u00e9s y de colocar correctamente los datos solicitados, usted quedar\u00e1 registrado autom\u00e1ticamente en el sistema y no podr\u00e1 realizar cambios para otro curso. <\/p>\n<p>En las sedes de los organismos capacitadores encontrar\u00e1 el listado de los participantes de cada uno de los temas. <\/p>\n<p>Las inscripciones ser\u00e1n del 11 de octubre al 28 de diciembre de 2018. <\/p>\n<p>\u00a0 <\/p>\n","protected":false},"excerpt":{"rendered":"<p>Las autoridades del Ministerio de Educaci\u00f3n de la Rep\u00fablica de <a href=\"https:\/\/sertv.gob.pa\/nacionalfm\/se-aproxima-proceso-de-inscripcion-para-capacitaciones-verano-2019\/\"> [&#8230;]<\/a><\/p>\n","protected":false},"author":1,"featured_media":31183,"comment_status":"closed","ping_status":"closed","sticky":false,"template":"","format":"standard","meta":{"footnotes":""},"categories":[2],"tags":[],"class_list":["post-31182","post","type-post","status-publish","format-standard","has-post-thumbnail","hentry","category-nacionales"],"_links":{"self":[{"href":"https:\/\/sertv.gob.pa\/nacionalfm\/wp-json\/wp\/v2\/posts\/31182","targetHints":{"allow":["GET"]}}],"collection":[{"href":"https:\/\/sertv.gob.pa\/nacionalfm\/wp-json\/wp\/v2\/posts"}],"about":[{"href":"https:\/\/sertv.gob.pa\/nacionalfm\/wp-json\/wp\/v2\/types\/post"}],"author":[{"embeddable":true,"href":"https:\/\/sertv.gob.pa\/nacionalfm\/wp-json\/wp\/v2\/users\/1"}],"replies":[{"embeddable":true,"href":"https:\/\/sertv.gob.pa\/nacionalfm\/wp-json\/wp\/v2\/comments?post=31182"}],"version-history":[{"count":0,"href":"https:\/\/sertv.gob.pa\/nacionalfm\/wp-json\/wp\/v2\/posts\/31182\/revisions"}],"wp:featuredmedia":[{"embeddable":true,"href":"https:\/\/sertv.gob.pa\/nacionalfm\/wp-json\/wp\/v2\/media\/31183"}],"wp:attachment":[{"href":"https:\/\/sertv.gob.pa\/nacionalfm\/wp-json\/wp\/v2\/media?parent=31182"}],"wp:term":[{"taxonomy":"category","embeddable":true,"href":"https:\/\/sertv.gob.pa\/nacionalfm\/wp-json\/wp\/v2\/categories?post=31182"},{"taxonomy":"post_tag","embeddable":true,"href":"https:\/\/sertv.gob.pa\/nacionalfm\/wp-json\/wp\/v2\/tags?post=31182"}],"curies":[{"name":"wp","href":"https:\/\/api.w.org\/{rel}","templated":true}]}}