{"id":31184,"date":"2018-10-09T19:51:48","date_gmt":"2018-10-09T19:51:48","guid":{"rendered":""},"modified":"2018-10-09T19:51:48","modified_gmt":"2018-10-09T19:51:48","slug":"unicef-y-aiesec-realizan-la-leccion-mas-grande-del-mundo-en-panama","status":"publish","type":"post","link":"https:\/\/sertv.gob.pa\/nacionalfm\/unicef-y-aiesec-realizan-la-leccion-mas-grande-del-mundo-en-panama\/","title":{"rendered":"UNICEF y AIESEC realizan \u201cLa Lecci\u00f3n M\u00e1s Grande del Mundo\u201d en Panam\u00e1"},"content":{"rendered":"<p>\nRepresentantes del Fondo de las Naciones Unidas para la Infancia (UNICEF) y la Asociaci\u00f3n Internacional de Estudiantes de Ciencias Econ\u00f3micas y Comerciales (AIESEC), organizaci\u00f3n internacional que gestiona el voluntariado corporativo y de estudiantes universitarios, llevar\u00e1n a cabo  La Lecci\u00f3n M\u00e1s Grande del Mundo en Panam\u00e1 (WLL por sus siglas en   ingl\u00e9s),  en la que al menos 2000 ni\u00f1os y ni\u00f1as de 8 a 11 a\u00f1os, de escuelas ser\u00e1n inspirados, comprometidos y contribuir\u00e1n al cumplimiento de los Objetivos de Desarrollo Sostenible (ODS). La actividad se lleva a cabo con el apoyo del Ministerio de Educaci\u00f3n (MEDUCA) y el Ministerio de Desarrollo Social (MIDES). <\/p>\n<p>En esta primera edici\u00f3n de  La Lecci\u00f3n M\u00e1s Grande del Mundo en   Panam\u00e1,  cerca de 170 voluntarios coordinados por AIESEC, se movilizar\u00e1n durante los d\u00edas viernes del mes de octubre, a las provincias de Cocl\u00e9, Col\u00f3n, Panam\u00e1, Herrera y Dari\u00e9n. Este a\u00f1o el enfoque de trabajo ser\u00e1 en los ODS 1, 5 y 12. <\/p>\n<p> La Lecci\u00f3n M\u00e1s Grande del Mundo,  es una iniciativa mundial creada con el apoyo de UNICEF y UNESCO, a fin de introducir los ODS a estudiantes de todo el mundo, de una manera atractiva y motivadora. En septiembre de 2015, las Naciones Unidas, lanzaron los Objetivos Mundiales para el Desarrollo Sostenible, una serie de metas para acabar con la pobreza extrema, luchar contra la desigualdad y enfrentarse al cambio clim\u00e1tico hasta el a\u00f1o 2030. <\/p>\n<p> La Lecci\u00f3n M\u00e1s Grande del Mundo,  tiene como fin, ayudar a los ni\u00f1os y ni\u00f1as, a ver c\u00f3mo los problemas representados por los ODS, afectan sus propias vidas y entornos. Con esta comprensi\u00f3n, los ni\u00f1os y ni\u00f1as, estar\u00e1n inspirados a actuar, y es el efecto acumulativo de estas acciones, lo que contribuir\u00e1 al progreso sostenido en los objetivos para cambiar las normas y los comportamientos sociales y ayudar a dar forma a una pr\u00f3xima generaci\u00f3n de ciudadanos activos. <\/p>\n<p> Sobre AIESEC  <\/p>\n<p>Es la organizaci\u00f3n m\u00e1s grande a nivel mundial liderada por j\u00f3venes, con participaci\u00f3n en 193 pa\u00edses. Tiene el objetivo de potenciar el liderazgo en base a los Objetivos de Desarrollo Sostenible, centr\u00e1ndose en temas globales, interculturales y de emprendimiento. <\/p>\n<p> Sobre UNICEF  <\/p>\n<p>UNICEF trabaja en algunos de los lugares m\u00e1s dif\u00edciles del mundo para llegar a los ni\u00f1os en situaci\u00f3n m\u00e1s desfavorable. En 190 pa\u00edses y territorios, se trabaja para cada ni\u00f1o, en todas partes, para construir un mundo mejor para todos. Para obtener m\u00e1s informaci\u00f3n sobre UNICEF y su trabajo con los ni\u00f1os, visite www.unicef.org\/panama\/ <\/p>\n<p>Siga a UNICEF Panam\u00e1 en Instagram, Twitter, YouTube y Facebook <\/p>\n<p>Para obtener m\u00e1s informaci\u00f3n, p\u00f3ngase en contacto: <\/p>\n<p>Clara In\u00e9s Luna V. &#8211; Oficial de Comunicaci\u00f3n <\/p>\n<p>Tel: +507-301-7379\u00a0\u00a0\u00a0 E-mail:\u00a0 cluna@unicef.org  <\/p>\n<p>\u00a0 <\/p>\n","protected":false},"excerpt":{"rendered":"<p>Representantes del Fondo de las Naciones Unidas para la Infancia <a href=\"https:\/\/sertv.gob.pa\/nacionalfm\/unicef-y-aiesec-realizan-la-leccion-mas-grande-del-mundo-en-panama\/\"> [&#8230;]<\/a><\/p>\n","protected":false},"author":1,"featured_media":31185,"comment_status":"closed","ping_status":"closed","sticky":false,"template":"","format":"standard","meta":{"footnotes":""},"categories":[2],"tags":[],"class_list":["post-31184","post","type-post","status-publish","format-standard","has-post-thumbnail","hentry","category-nacionales"],"_links":{"self":[{"href":"https:\/\/sertv.gob.pa\/nacionalfm\/wp-json\/wp\/v2\/posts\/31184","targetHints":{"allow":["GET"]}}],"collection":[{"href":"https:\/\/sertv.gob.pa\/nacionalfm\/wp-json\/wp\/v2\/posts"}],"about":[{"href":"https:\/\/sertv.gob.pa\/nacionalfm\/wp-json\/wp\/v2\/types\/post"}],"author":[{"embeddable":true,"href":"https:\/\/sertv.gob.pa\/nacionalfm\/wp-json\/wp\/v2\/users\/1"}],"replies":[{"embeddable":true,"href":"https:\/\/sertv.gob.pa\/nacionalfm\/wp-json\/wp\/v2\/comments?post=31184"}],"version-history":[{"count":0,"href":"https:\/\/sertv.gob.pa\/nacionalfm\/wp-json\/wp\/v2\/posts\/31184\/revisions"}],"wp:featuredmedia":[{"embeddable":true,"href":"https:\/\/sertv.gob.pa\/nacionalfm\/wp-json\/wp\/v2\/media\/31185"}],"wp:attachment":[{"href":"https:\/\/sertv.gob.pa\/nacionalfm\/wp-json\/wp\/v2\/media?parent=31184"}],"wp:term":[{"taxonomy":"category","embeddable":true,"href":"https:\/\/sertv.gob.pa\/nacionalfm\/wp-json\/wp\/v2\/categories?post=31184"},{"taxonomy":"post_tag","embeddable":true,"href":"https:\/\/sertv.gob.pa\/nacionalfm\/wp-json\/wp\/v2\/tags?post=31184"}],"curies":[{"name":"wp","href":"https:\/\/api.w.org\/{rel}","templated":true}]}}