{"id":31186,"date":"2018-10-09T20:05:37","date_gmt":"2018-10-09T20:05:37","guid":{"rendered":""},"modified":"2018-10-09T20:05:37","modified_gmt":"2018-10-09T20:05:37","slug":"meduca-y-la-camara-maritima-de-panama-reactivan-convenio-de-cooperacion","status":"publish","type":"post","link":"https:\/\/sertv.gob.pa\/nacionalfm\/meduca-y-la-camara-maritima-de-panama-reactivan-convenio-de-cooperacion\/","title":{"rendered":"MEDUCA y la C\u00e1mara Mar\u00edtima de Panam\u00e1 reactivan convenio de cooperaci\u00f3n"},"content":{"rendered":"<p>\nCon la finalidad de involucrar a estudiantes en\u00a0los procesos de inspecci\u00f3n de buques, ajustes mar\u00edtimos e investigaciones, la Universidad Mar\u00edtima Internacional de Panam\u00e1, estuvo\u00a0en la evaluaci\u00f3n del programa Hands-on,\u00a0un convenio marco de cooperaci\u00f3n interinstitucional,\u00a0en el que particip\u00f3 la\u00a0viceministra de Educaci\u00f3n Acad\u00e9mica, Gina Garc\u00e9s, con la comisi\u00f3n de la C\u00e1mara Mar\u00edtima de Panam\u00e1. <\/p>\n<p>Este plan, les permite a los alumnos de educaci\u00f3n media y de las universidades, que fortalezcan sus necesidades en el campo laboral, a trav\u00e9s de una pasant\u00eda y, de esta forma, poder crearse mejores oportunidades, como explic\u00f3 Garc\u00e9s. <\/p>\n<p>La presidenta de la C\u00e1mara Mar\u00edtima de Panam\u00e1, Patricia Vel\u00e1squez, se mostr\u00f3 a gusto con volver a reactivar la firma del acuerdo con el Ministerio de Educaci\u00f3n, que se encuentra en el proceso de revisi\u00f3n del documento con el objetivo de fortalecer la ense\u00f1anza en el \u00e1rea mar\u00edtima. <\/p>\n<p>Para esta actividad, se cont\u00f3 con la presencia de las tres empresas tutoras Bless Agency, Wallenius y Cosco Shippinng, que ser\u00e1n las encargadas de capacitar y orientar en el campo, a trav\u00e9s de la modalidad &lsquo;Aprende haciendo, por 72 horas&rsquo; en que los j\u00f3venes y los educadores, despu\u00e9s de hacer el programa, vean los resultados y la retroalimentaci\u00f3n. De esta actividad, participaron distintos colegios y universidades que se dedican a la educaci\u00f3n en el \u00e1rea mar\u00edtima. <\/p>\n","protected":false},"excerpt":{"rendered":"<p>Con la finalidad de involucrar a estudiantes en\u00a0los procesos de <a href=\"https:\/\/sertv.gob.pa\/nacionalfm\/meduca-y-la-camara-maritima-de-panama-reactivan-convenio-de-cooperacion\/\"> [&#8230;]<\/a><\/p>\n","protected":false},"author":1,"featured_media":31187,"comment_status":"closed","ping_status":"closed","sticky":false,"template":"","format":"standard","meta":{"footnotes":""},"categories":[2],"tags":[],"class_list":["post-31186","post","type-post","status-publish","format-standard","has-post-thumbnail","hentry","category-nacionales"],"_links":{"self":[{"href":"https:\/\/sertv.gob.pa\/nacionalfm\/wp-json\/wp\/v2\/posts\/31186","targetHints":{"allow":["GET"]}}],"collection":[{"href":"https:\/\/sertv.gob.pa\/nacionalfm\/wp-json\/wp\/v2\/posts"}],"about":[{"href":"https:\/\/sertv.gob.pa\/nacionalfm\/wp-json\/wp\/v2\/types\/post"}],"author":[{"embeddable":true,"href":"https:\/\/sertv.gob.pa\/nacionalfm\/wp-json\/wp\/v2\/users\/1"}],"replies":[{"embeddable":true,"href":"https:\/\/sertv.gob.pa\/nacionalfm\/wp-json\/wp\/v2\/comments?post=31186"}],"version-history":[{"count":0,"href":"https:\/\/sertv.gob.pa\/nacionalfm\/wp-json\/wp\/v2\/posts\/31186\/revisions"}],"wp:featuredmedia":[{"embeddable":true,"href":"https:\/\/sertv.gob.pa\/nacionalfm\/wp-json\/wp\/v2\/media\/31187"}],"wp:attachment":[{"href":"https:\/\/sertv.gob.pa\/nacionalfm\/wp-json\/wp\/v2\/media?parent=31186"}],"wp:term":[{"taxonomy":"category","embeddable":true,"href":"https:\/\/sertv.gob.pa\/nacionalfm\/wp-json\/wp\/v2\/categories?post=31186"},{"taxonomy":"post_tag","embeddable":true,"href":"https:\/\/sertv.gob.pa\/nacionalfm\/wp-json\/wp\/v2\/tags?post=31186"}],"curies":[{"name":"wp","href":"https:\/\/api.w.org\/{rel}","templated":true}]}}