{"id":31188,"date":"2018-10-09T20:20:16","date_gmt":"2018-10-09T20:20:16","guid":{"rendered":""},"modified":"2018-10-09T20:20:16","modified_gmt":"2018-10-09T20:20:16","slug":"programa-aprende-al-maximo-inicia-taller-pedagogico","status":"publish","type":"post","link":"https:\/\/sertv.gob.pa\/nacionalfm\/programa-aprende-al-maximo-inicia-taller-pedagogico\/","title":{"rendered":"Programa \u201cAprende al M\u00e1ximo\u201d, inicia taller pedag\u00f3gico"},"content":{"rendered":"<p>\nAutoridades del Ministerio de Educaci\u00f3n (MEDUCA), a trav\u00e9s del programa   Aprende al M\u00e1ximo  , inaugur\u00f3 el lunes, 8 de octubre, el seminario taller   &ldquo;Acompa\u00f1amiento  pedag\u00f3gico y nuevas estrategias para    el desarrollo de la comprensi\u00f3n lectora en las diferentes asignaturas&rdquo;.   <\/p>\n<p>Esta jornada de instrucci\u00f3n, tiene temas orientados en el fortalecimiento de las habilidades del ciclo de acompa\u00f1amiento y a aplicar nuevos m\u00e9todos para leer. <\/p>\n<p>Este seminario, es para 134 participantes de las Regiones Escolares de: Panam\u00e1 Centro, Panam\u00e1 Norte, Panam\u00e1 Oeste, San Miguelito, Col\u00f3n, Dari\u00e9n y las comarcas Ember\u00e1 Wounaan y Guna Yala. El taller, est\u00e1 dirigido a facilitadores del programa Aprende al M\u00e1ximo, supervisores enlaces y nacionales, adem\u00e1s, coordinadores regionales de Educaci\u00f3n B\u00e1sica General. <\/p>\n<p>La capacitaci\u00f3n, que concluye el pr\u00f3ximo 12 de octubre y se desarrolla en la sede de la Universidad de las Am\u00e9ricas, en Albrook, consta de 40 horas presenciales, adem\u00e1s, son desarrollados por especialistas de la Secretar\u00eda Nacional de Ciencia y Tecnolog\u00eda y del MEDUCA. <\/p>\n","protected":false},"excerpt":{"rendered":"<p>Autoridades del Ministerio de Educaci\u00f3n (MEDUCA), a trav\u00e9s del programa <a href=\"https:\/\/sertv.gob.pa\/nacionalfm\/programa-aprende-al-maximo-inicia-taller-pedagogico\/\"> [&#8230;]<\/a><\/p>\n","protected":false},"author":1,"featured_media":31189,"comment_status":"closed","ping_status":"closed","sticky":false,"template":"","format":"standard","meta":{"footnotes":""},"categories":[2],"tags":[],"class_list":["post-31188","post","type-post","status-publish","format-standard","has-post-thumbnail","hentry","category-nacionales"],"_links":{"self":[{"href":"https:\/\/sertv.gob.pa\/nacionalfm\/wp-json\/wp\/v2\/posts\/31188","targetHints":{"allow":["GET"]}}],"collection":[{"href":"https:\/\/sertv.gob.pa\/nacionalfm\/wp-json\/wp\/v2\/posts"}],"about":[{"href":"https:\/\/sertv.gob.pa\/nacionalfm\/wp-json\/wp\/v2\/types\/post"}],"author":[{"embeddable":true,"href":"https:\/\/sertv.gob.pa\/nacionalfm\/wp-json\/wp\/v2\/users\/1"}],"replies":[{"embeddable":true,"href":"https:\/\/sertv.gob.pa\/nacionalfm\/wp-json\/wp\/v2\/comments?post=31188"}],"version-history":[{"count":0,"href":"https:\/\/sertv.gob.pa\/nacionalfm\/wp-json\/wp\/v2\/posts\/31188\/revisions"}],"wp:featuredmedia":[{"embeddable":true,"href":"https:\/\/sertv.gob.pa\/nacionalfm\/wp-json\/wp\/v2\/media\/31189"}],"wp:attachment":[{"href":"https:\/\/sertv.gob.pa\/nacionalfm\/wp-json\/wp\/v2\/media?parent=31188"}],"wp:term":[{"taxonomy":"category","embeddable":true,"href":"https:\/\/sertv.gob.pa\/nacionalfm\/wp-json\/wp\/v2\/categories?post=31188"},{"taxonomy":"post_tag","embeddable":true,"href":"https:\/\/sertv.gob.pa\/nacionalfm\/wp-json\/wp\/v2\/tags?post=31188"}],"curies":[{"name":"wp","href":"https:\/\/api.w.org\/{rel}","templated":true}]}}