{"id":31192,"date":"2018-10-10T14:03:22","date_gmt":"2018-10-10T14:03:22","guid":{"rendered":""},"modified":"2018-10-10T14:03:22","modified_gmt":"2018-10-10T14:03:22","slug":"panama-promueve-lineas-de-accion-sobre-migracion-en-la-agenda-2030","status":"publish","type":"post","link":"https:\/\/sertv.gob.pa\/nacionalfm\/panama-promueve-lineas-de-accion-sobre-migracion-en-la-agenda-2030\/","title":{"rendered":"Panam\u00e1, promueve L\u00edneas de Acci\u00f3n sobre Migraci\u00f3n en la Agenda 2030"},"content":{"rendered":"<p>\nEn el ejercicio de la Presidencia Pro T\u00e9mpore de la Conferencia Regional sobre Migraci\u00f3n (CRM),\u00a0 la Rep\u00fablica de Panam\u00e1, cumple la segunda jornada del\u00a0 Taller para la Revisi\u00f3n de L\u00edneas de Acci\u00f3n para la Transversalizaci\u00f3n de la Migraci\u00f3n en la Agenda 2030, enfocadas en el Desarrollo Sostenible y la Migraci\u00f3n. Dichas l\u00edneas, ser\u00e1n presentadas en\u00a0 la Reuni\u00f3n Viceministerial de la CRM,\u00a0\u00a0 los d\u00edas 14 y 15 de noviembre de 2018. <\/p>\n<p>En representaci\u00f3n del Viceministro de Relaciones Exteriores y Presidente Pro-Tempore de la CRM, Luis Miguel Hincapi\u00e9,\u00a0 correspondi\u00f3 a la Directora de Asuntos Jur\u00eddicos Internacionales y Tratados, Gina L\u00f3pez Candanedo, inaugurar el Taller para la revisi\u00f3n de L\u00edneas de Acci\u00f3n para la tranversalizaci\u00f3n de la Migraci\u00f3n en la Agenda 2030 por Panam\u00e1, con el fin de promover la transversalizaci\u00f3n y regionalizaci\u00f3n de los ODS, basado en la Declaraci\u00f3n de Nueva York para Refugiados y Migrantes\u00a0 en el desarrollo del Pacto Mundial para la Migraci\u00f3n Segura, Ordenada y Regular, que ser\u00e1 firmada en diciembre pr\u00f3ximo. <\/p>\n<p>La representante paname\u00f1a,\u00a0 destac\u00f3 los progresos alcanzados\u00a0 en el primer taller, que como\u00a0 principales hallazgos resalt\u00f3 la importancia de priorizar el tema migratorio en los planes nacionales de desarrollo, para que las estad\u00edsticas respondan a las necesidades de gobernanza migratoria. En ese tenor, reiter\u00f3 que\u00a0 Panam\u00e1, dirige el proceso de evaluaci\u00f3n y relanzamiento para reforzar el objetivo primordial de la CRM como el intercambio de informaci\u00f3n, experiencias y mejores pr\u00e1cticas, as\u00ed como la cooperaci\u00f3n regional en materia de pol\u00edticas migratorias por medio de un plan estrat\u00e9gico enfocado a la obtenci\u00f3n de resultados concretos. <\/p>\n<p>Asimismo reiter\u00f3,\u00a0 el compromiso del gobierno de la Rep\u00fablica de Panam\u00e1\u00a0 con los ODS hacia la gobernanza de las Migraciones y destac\u00f3 el hecho de ser uno\u00a0 de los primeros pa\u00edses en implementar el mes de julio, mediante el Decreto Ejecutivo No. 75 de 2018, el &ldquo;Mes de los ODS&rdquo;,\u00a0 con el objetivo de sensibilizar y fomentar acciones a trav\u00e9s de la toma de decisiones responsables basadas en tres pilares: el social, el econ\u00f3mico y el ambiental. <\/p>\n<p>Este taller, cuenta con\u00a0 el apoyo de la Organizaci\u00f3n Internacional para las Migraciones (OIM), la Organizaci\u00f3n Internacional del Trabajo (OIT), Programa de Naciones Unidas para al Desarrollo (PNUD), el Fondo de Poblaci\u00f3n de las Naciones Unidas (UNFPA), la Comisi\u00f3n Econ\u00f3mica para Am\u00e9rica Latina (CEPAL) y el Alto Comisionado de las Naciones Unidas para los Refugiados (ACNUR), y la contribuci\u00f3n de la sociedad civil, a trav\u00e9s de la Red Regional de Organizaciones de la Sociedad Civil para las Migraciones (RROCM). <\/p>\n<p>\u00a0 <\/p>\n","protected":false},"excerpt":{"rendered":"<p>En el ejercicio de la Presidencia Pro T\u00e9mpore de la <a href=\"https:\/\/sertv.gob.pa\/nacionalfm\/panama-promueve-lineas-de-accion-sobre-migracion-en-la-agenda-2030\/\"> [&#8230;]<\/a><\/p>\n","protected":false},"author":1,"featured_media":31193,"comment_status":"closed","ping_status":"closed","sticky":false,"template":"","format":"standard","meta":{"footnotes":""},"categories":[2],"tags":[],"class_list":["post-31192","post","type-post","status-publish","format-standard","has-post-thumbnail","hentry","category-nacionales"],"_links":{"self":[{"href":"https:\/\/sertv.gob.pa\/nacionalfm\/wp-json\/wp\/v2\/posts\/31192","targetHints":{"allow":["GET"]}}],"collection":[{"href":"https:\/\/sertv.gob.pa\/nacionalfm\/wp-json\/wp\/v2\/posts"}],"about":[{"href":"https:\/\/sertv.gob.pa\/nacionalfm\/wp-json\/wp\/v2\/types\/post"}],"author":[{"embeddable":true,"href":"https:\/\/sertv.gob.pa\/nacionalfm\/wp-json\/wp\/v2\/users\/1"}],"replies":[{"embeddable":true,"href":"https:\/\/sertv.gob.pa\/nacionalfm\/wp-json\/wp\/v2\/comments?post=31192"}],"version-history":[{"count":0,"href":"https:\/\/sertv.gob.pa\/nacionalfm\/wp-json\/wp\/v2\/posts\/31192\/revisions"}],"wp:featuredmedia":[{"embeddable":true,"href":"https:\/\/sertv.gob.pa\/nacionalfm\/wp-json\/wp\/v2\/media\/31193"}],"wp:attachment":[{"href":"https:\/\/sertv.gob.pa\/nacionalfm\/wp-json\/wp\/v2\/media?parent=31192"}],"wp:term":[{"taxonomy":"category","embeddable":true,"href":"https:\/\/sertv.gob.pa\/nacionalfm\/wp-json\/wp\/v2\/categories?post=31192"},{"taxonomy":"post_tag","embeddable":true,"href":"https:\/\/sertv.gob.pa\/nacionalfm\/wp-json\/wp\/v2\/tags?post=31192"}],"curies":[{"name":"wp","href":"https:\/\/api.w.org\/{rel}","templated":true}]}}