{"id":31194,"date":"2018-10-10T14:12:50","date_gmt":"2018-10-10T14:12:50","guid":{"rendered":""},"modified":"2018-10-10T14:12:50","modified_gmt":"2018-10-10T14:12:50","slug":"comunicado-oficial-sobre-deceso-de-concejal-venezolano-fernando-alban","status":"publish","type":"post","link":"https:\/\/sertv.gob.pa\/nacionalfm\/comunicado-oficial-sobre-deceso-de-concejal-venezolano-fernando-alban\/","title":{"rendered":"Comunicado Oficial sobre deceso de Concejal venezolano, Fernando Alb\u00e1n"},"content":{"rendered":"<p>\nEl Gobierno de la Rep\u00fablica de Panam\u00e1, lamenta profundamente la tr\u00e1gica muerte del concejal venezolano Fernando Alb\u00e1n, del partido Primero Justicia, suscitada bajo circunstancias a\u00fan no esclarecidas. Panam\u00e1 se suma al llamado de la comunidad mundial de que se haga una investigaci\u00f3n inmediata, imparcial e independiente con aval internacional para que se esclarezcan los hechos y circunstancias que ocasionaron este terrible deceso y se adopten las medidas que correspondan.\u00a0 \u00a0 \u00a0 \u00a0 \u00a0 \u00a0 \u00a0 \u00a0 \u00a0 \u00a0 \u00a0 \u00a0 \u00a0 \u00a0 \u00a0 \u00a0 \u00a0 \u00a0 \u00a0 \u00a0 \u00a0 \u00a0 \u00a0 \u00a0 <\/p>\n<p>Asimismo, reitera su condena a la violaci\u00f3n sistem\u00e1tica de los derechos humanos y las libertades fundamentales, la persecuci\u00f3n pol\u00edtica y la existencia de presos pol\u00edticos. <\/p>\n","protected":false},"excerpt":{"rendered":"<p>El Gobierno de la Rep\u00fablica de Panam\u00e1, lamenta profundamente la <a href=\"https:\/\/sertv.gob.pa\/nacionalfm\/comunicado-oficial-sobre-deceso-de-concejal-venezolano-fernando-alban\/\"> [&#8230;]<\/a><\/p>\n","protected":false},"author":1,"featured_media":31195,"comment_status":"closed","ping_status":"closed","sticky":false,"template":"","format":"standard","meta":{"footnotes":""},"categories":[2],"tags":[],"class_list":["post-31194","post","type-post","status-publish","format-standard","has-post-thumbnail","hentry","category-nacionales"],"_links":{"self":[{"href":"https:\/\/sertv.gob.pa\/nacionalfm\/wp-json\/wp\/v2\/posts\/31194","targetHints":{"allow":["GET"]}}],"collection":[{"href":"https:\/\/sertv.gob.pa\/nacionalfm\/wp-json\/wp\/v2\/posts"}],"about":[{"href":"https:\/\/sertv.gob.pa\/nacionalfm\/wp-json\/wp\/v2\/types\/post"}],"author":[{"embeddable":true,"href":"https:\/\/sertv.gob.pa\/nacionalfm\/wp-json\/wp\/v2\/users\/1"}],"replies":[{"embeddable":true,"href":"https:\/\/sertv.gob.pa\/nacionalfm\/wp-json\/wp\/v2\/comments?post=31194"}],"version-history":[{"count":0,"href":"https:\/\/sertv.gob.pa\/nacionalfm\/wp-json\/wp\/v2\/posts\/31194\/revisions"}],"wp:featuredmedia":[{"embeddable":true,"href":"https:\/\/sertv.gob.pa\/nacionalfm\/wp-json\/wp\/v2\/media\/31195"}],"wp:attachment":[{"href":"https:\/\/sertv.gob.pa\/nacionalfm\/wp-json\/wp\/v2\/media?parent=31194"}],"wp:term":[{"taxonomy":"category","embeddable":true,"href":"https:\/\/sertv.gob.pa\/nacionalfm\/wp-json\/wp\/v2\/categories?post=31194"},{"taxonomy":"post_tag","embeddable":true,"href":"https:\/\/sertv.gob.pa\/nacionalfm\/wp-json\/wp\/v2\/tags?post=31194"}],"curies":[{"name":"wp","href":"https:\/\/api.w.org\/{rel}","templated":true}]}}