{"id":31196,"date":"2018-10-10T14:23:31","date_gmt":"2018-10-10T14:23:31","guid":{"rendered":""},"modified":"2018-10-10T14:23:31","modified_gmt":"2018-10-10T14:23:31","slug":"instalan-nueva-bomba-en-planta-potabilizadora-federico-guardia-conte","status":"publish","type":"post","link":"https:\/\/sertv.gob.pa\/nacionalfm\/instalan-nueva-bomba-en-planta-potabilizadora-federico-guardia-conte\/","title":{"rendered":"Instalan \u201cNueva Bomba\u201d, en Planta potabilizadora Federico Guardia Conte"},"content":{"rendered":"<p>\nSiguiendo con el plan de modernizaci\u00f3n que lleva a cabo la entidad, el d\u00eda martes, 9 de octubre, se instal\u00f3 una nueva bomba en la estaci\u00f3n de agua tratada de la planta potabilizadora Federico Guardia Conte en Chilibre. <\/p>\n<p>Para esta gesti\u00f3n, la empresa Manhattan P.M. Panam\u00e1, bajo el contrato 131-2015, instal\u00f3 el tercer conjunto de motor y bomba. La incorporaci\u00f3n de este equipo, constituye un respaldo y una mayor confiabilidad al funcionamiento, distribuci\u00f3n y almacenamiento de agua potable. <\/p>\n<p>Cabe resaltar, que estos trabajos, forman parte de las adecuaciones que ejecuta el IDAAN en la potabilizadora donde se pondr\u00e1 en funcionamiento 4 nuevos equipos de bomba de los cuales 3 ya fueron instalados. Tan pronto culmine \u00e9ste proyecto, mejorar\u00e1 de forma significativa, la producci\u00f3n de agua potable en la planta m\u00e1s grande de Panam\u00e1. <\/p>\n<p>\u00a0 <\/p>\n","protected":false},"excerpt":{"rendered":"<p>Siguiendo con el plan de modernizaci\u00f3n que lleva a cabo <a href=\"https:\/\/sertv.gob.pa\/nacionalfm\/instalan-nueva-bomba-en-planta-potabilizadora-federico-guardia-conte\/\"> [&#8230;]<\/a><\/p>\n","protected":false},"author":1,"featured_media":31197,"comment_status":"closed","ping_status":"closed","sticky":false,"template":"","format":"standard","meta":{"footnotes":""},"categories":[2],"tags":[],"class_list":["post-31196","post","type-post","status-publish","format-standard","has-post-thumbnail","hentry","category-nacionales"],"_links":{"self":[{"href":"https:\/\/sertv.gob.pa\/nacionalfm\/wp-json\/wp\/v2\/posts\/31196","targetHints":{"allow":["GET"]}}],"collection":[{"href":"https:\/\/sertv.gob.pa\/nacionalfm\/wp-json\/wp\/v2\/posts"}],"about":[{"href":"https:\/\/sertv.gob.pa\/nacionalfm\/wp-json\/wp\/v2\/types\/post"}],"author":[{"embeddable":true,"href":"https:\/\/sertv.gob.pa\/nacionalfm\/wp-json\/wp\/v2\/users\/1"}],"replies":[{"embeddable":true,"href":"https:\/\/sertv.gob.pa\/nacionalfm\/wp-json\/wp\/v2\/comments?post=31196"}],"version-history":[{"count":0,"href":"https:\/\/sertv.gob.pa\/nacionalfm\/wp-json\/wp\/v2\/posts\/31196\/revisions"}],"wp:featuredmedia":[{"embeddable":true,"href":"https:\/\/sertv.gob.pa\/nacionalfm\/wp-json\/wp\/v2\/media\/31197"}],"wp:attachment":[{"href":"https:\/\/sertv.gob.pa\/nacionalfm\/wp-json\/wp\/v2\/media?parent=31196"}],"wp:term":[{"taxonomy":"category","embeddable":true,"href":"https:\/\/sertv.gob.pa\/nacionalfm\/wp-json\/wp\/v2\/categories?post=31196"},{"taxonomy":"post_tag","embeddable":true,"href":"https:\/\/sertv.gob.pa\/nacionalfm\/wp-json\/wp\/v2\/tags?post=31196"}],"curies":[{"name":"wp","href":"https:\/\/api.w.org\/{rel}","templated":true}]}}