{"id":3123,"date":"2014-12-17T05:00:00","date_gmt":"2014-12-17T05:00:00","guid":{"rendered":""},"modified":"2014-12-17T05:00:00","modified_gmt":"2014-12-17T05:00:00","slug":"en-latinoamerica-numero-de-bebes-nacidos-con-vih-cayo-un-78","status":"publish","type":"post","link":"https:\/\/sertv.gob.pa\/nacionalfm\/en-latinoamerica-numero-de-bebes-nacidos-con-vih-cayo-un-78\/","title":{"rendered":"En Latinoam\u00e9rica n\u00famero de beb\u00e9s nacidos con VIH cay\u00f3 un 78%"},"content":{"rendered":"<p>\nDe acuerdo a un informe divulgado por la Organizaci\u00f3n Panamericana de la Salud (OPS) y UNICEF, el n\u00famero de beb\u00e9s nacidos con VIH\u00a0en Latinoam\u00e9rica y el Caribe disminuy\u00f3 un 78 % entre 2001 y 2013. <\/p>\n<p>El estudio, elaborado con datos de la OPS, Unicef y Onusida, estima que 10 mil 700 ni\u00f1os nacieron con el VIH en la regi\u00f3n en 2001.\u00a0En 2013, ese n\u00famero disminuy\u00f3 hasta unos 2 mil 300, lo que representa un 5% de todos los reci\u00e9n nacidos en la regi\u00f3n de madres portadoras del virus.\u00a0 <\/p>\n<p>Seg\u00fan la OPS, los pa\u00edses de Am\u00e9rica Latina y el Caribe se han fijado como meta reducir ese porcentaje del 5% a menos del 2% para 2015. <\/p>\n<p>\u00abGarantizar que todos los ni\u00f1os de las Am\u00e9ricas nazcan libres del VIH es posible y hay pa\u00edses que ya han hecho progresos hacia ese objetivo\u00bb, explic\u00f3 en un comunicado Massimo Ghidinelli, jefe de la unidad de VIH-SIDA, hepatitis y enfermedades de transmisi\u00f3n sexual de la OPS. <\/p>\n","protected":false},"excerpt":{"rendered":"<p>De acuerdo a un informe divulgado por la Organizaci\u00f3n Panamericana <a href=\"https:\/\/sertv.gob.pa\/nacionalfm\/en-latinoamerica-numero-de-bebes-nacidos-con-vih-cayo-un-78\/\"> [&#8230;]<\/a><\/p>\n","protected":false},"author":1,"featured_media":3124,"comment_status":"closed","ping_status":"closed","sticky":false,"template":"","format":"standard","meta":{"footnotes":""},"categories":[5],"tags":[],"class_list":["post-3123","post","type-post","status-publish","format-standard","has-post-thumbnail","hentry","category-salud"],"_links":{"self":[{"href":"https:\/\/sertv.gob.pa\/nacionalfm\/wp-json\/wp\/v2\/posts\/3123","targetHints":{"allow":["GET"]}}],"collection":[{"href":"https:\/\/sertv.gob.pa\/nacionalfm\/wp-json\/wp\/v2\/posts"}],"about":[{"href":"https:\/\/sertv.gob.pa\/nacionalfm\/wp-json\/wp\/v2\/types\/post"}],"author":[{"embeddable":true,"href":"https:\/\/sertv.gob.pa\/nacionalfm\/wp-json\/wp\/v2\/users\/1"}],"replies":[{"embeddable":true,"href":"https:\/\/sertv.gob.pa\/nacionalfm\/wp-json\/wp\/v2\/comments?post=3123"}],"version-history":[{"count":0,"href":"https:\/\/sertv.gob.pa\/nacionalfm\/wp-json\/wp\/v2\/posts\/3123\/revisions"}],"wp:featuredmedia":[{"embeddable":true,"href":"https:\/\/sertv.gob.pa\/nacionalfm\/wp-json\/wp\/v2\/media\/3124"}],"wp:attachment":[{"href":"https:\/\/sertv.gob.pa\/nacionalfm\/wp-json\/wp\/v2\/media?parent=3123"}],"wp:term":[{"taxonomy":"category","embeddable":true,"href":"https:\/\/sertv.gob.pa\/nacionalfm\/wp-json\/wp\/v2\/categories?post=3123"},{"taxonomy":"post_tag","embeddable":true,"href":"https:\/\/sertv.gob.pa\/nacionalfm\/wp-json\/wp\/v2\/tags?post=3123"}],"curies":[{"name":"wp","href":"https:\/\/api.w.org\/{rel}","templated":true}]}}