{"id":3133,"date":"2014-12-18T05:00:00","date_gmt":"2014-12-18T05:00:00","guid":{"rendered":""},"modified":"2014-12-18T05:00:00","modified_gmt":"2014-12-18T05:00:00","slug":"vacuna-contra-el-cancer-cervical-es-perfeccionada","status":"publish","type":"post","link":"https:\/\/sertv.gob.pa\/nacionalfm\/vacuna-contra-el-cancer-cervical-es-perfeccionada\/","title":{"rendered":"Vacuna contra el c\u00e1ncer cervical es perfeccionada"},"content":{"rendered":"<p>\nEl laboratorio farmac\u00e9utico Merck &#038; Co. Inc. recibi\u00f3 en Estados Unidos la aprobaci\u00f3n para su vacuna Gardasil que protege contra 5 cepas adicionales del virus que provoca la mayor\u00eda de los casos de c\u00e1ncer cervical. <\/p>\n<p>\u00a0La Administraci\u00f3n de Alimentos y Medicamentos (FDA, por sus siglas en ingl\u00e9s) aprob\u00f3 Gardasil 9, que protege contra nueve cepas del virus del papiloma humano, o VPH. La vacuna original, aprobada en 2006, abarcaba 4 cepas. <\/p>\n<p>Autoridades de la\u00a0 FDA manifestaron\u00a0que la versi\u00f3n actualizada de Gardasil puede prevenir el 90% de c\u00e1nceres de cuello, vulva, vagina y ano. La Gardasil original proteg\u00eda de cepas a las que se atribuyen el 70% de los c\u00e1nceres cervicales. <\/p>\n<p>Como su predecesora, Gardasil 9 igualmente previene las verrugas genitales ocasionadas por dos cepas. <\/p>\n<p>\u00a0 <\/p>\n","protected":false},"excerpt":{"rendered":"<p>El laboratorio farmac\u00e9utico Merck &#038; Co. Inc. recibi\u00f3 en Estados <a href=\"https:\/\/sertv.gob.pa\/nacionalfm\/vacuna-contra-el-cancer-cervical-es-perfeccionada\/\"> [&#8230;]<\/a><\/p>\n","protected":false},"author":1,"featured_media":3134,"comment_status":"closed","ping_status":"closed","sticky":false,"template":"","format":"standard","meta":{"footnotes":""},"categories":[5],"tags":[],"class_list":["post-3133","post","type-post","status-publish","format-standard","has-post-thumbnail","hentry","category-salud"],"_links":{"self":[{"href":"https:\/\/sertv.gob.pa\/nacionalfm\/wp-json\/wp\/v2\/posts\/3133","targetHints":{"allow":["GET"]}}],"collection":[{"href":"https:\/\/sertv.gob.pa\/nacionalfm\/wp-json\/wp\/v2\/posts"}],"about":[{"href":"https:\/\/sertv.gob.pa\/nacionalfm\/wp-json\/wp\/v2\/types\/post"}],"author":[{"embeddable":true,"href":"https:\/\/sertv.gob.pa\/nacionalfm\/wp-json\/wp\/v2\/users\/1"}],"replies":[{"embeddable":true,"href":"https:\/\/sertv.gob.pa\/nacionalfm\/wp-json\/wp\/v2\/comments?post=3133"}],"version-history":[{"count":0,"href":"https:\/\/sertv.gob.pa\/nacionalfm\/wp-json\/wp\/v2\/posts\/3133\/revisions"}],"wp:featuredmedia":[{"embeddable":true,"href":"https:\/\/sertv.gob.pa\/nacionalfm\/wp-json\/wp\/v2\/media\/3134"}],"wp:attachment":[{"href":"https:\/\/sertv.gob.pa\/nacionalfm\/wp-json\/wp\/v2\/media?parent=3133"}],"wp:term":[{"taxonomy":"category","embeddable":true,"href":"https:\/\/sertv.gob.pa\/nacionalfm\/wp-json\/wp\/v2\/categories?post=3133"},{"taxonomy":"post_tag","embeddable":true,"href":"https:\/\/sertv.gob.pa\/nacionalfm\/wp-json\/wp\/v2\/tags?post=3133"}],"curies":[{"name":"wp","href":"https:\/\/api.w.org\/{rel}","templated":true}]}}