{"id":3135,"date":"2014-12-18T05:00:00","date_gmt":"2014-12-18T05:00:00","guid":{"rendered":""},"modified":"2014-12-18T05:00:00","modified_gmt":"2014-12-18T05:00:00","slug":"aumenta-nivel-de-contagio-del-vih-en-chiriqui-y-bocas","status":"publish","type":"post","link":"https:\/\/sertv.gob.pa\/nacionalfm\/aumenta-nivel-de-contagio-del-vih-en-chiriqui-y-bocas\/","title":{"rendered":"Aumenta nivel de contagio del VIH en Chiriqu\u00ed y Bocas"},"content":{"rendered":"<p>\nUn preocupante aumento viene registrando en los \u00faltimos cinco a\u00f1os el n\u00famero de afectados con el virus de inmunodeficiencia humana (VIH) en las provincias de Bocas del Toro y Chiriqu\u00ed. <\/p>\n<p>De acuerdo a las autoridades de la regional del Ministerio de Salud (Minsa) en Bocas del Toro, en la zona se registra un alarmante incremento de j\u00f3venes de ambos sexos, en edades de 12 a\u00f1os en adelante, contagiados del VIH. <\/p>\n<p>La doctora Anne Okuka, especialista en atenci\u00f3n de estos casos, expres\u00f3 que el promedio de edades de personas contagiadas a nivel nacional con este virus es entre los 25 y 45 a\u00f1os. <\/p>\n<p>Okuka precis\u00f3 que en las \u00faltimas fechas los registros est\u00e1n demostrando que la edad ha ido bajando tanto, que ya hay ni\u00f1os y ni\u00f1as, incluyendo embarazadas, que han desarrollado el s\u00edndrome de inmunodeficiencia adquirida (sida). <\/p>\n<p>La especialista del Minsa indic\u00f3 que en el 2009 hab\u00eda registrados 29 casos, entre hombres y mujeres, con el VIH, mientras que para este a\u00f1o han aumentado a poco m\u00e1s de 200 casos, incluyendo 14 menores. <\/p>\n<p>\u00a0 <\/p>\n","protected":false},"excerpt":{"rendered":"<p>Un preocupante aumento viene registrando en los \u00faltimos cinco a\u00f1os <a href=\"https:\/\/sertv.gob.pa\/nacionalfm\/aumenta-nivel-de-contagio-del-vih-en-chiriqui-y-bocas\/\"> [&#8230;]<\/a><\/p>\n","protected":false},"author":1,"featured_media":3136,"comment_status":"closed","ping_status":"closed","sticky":false,"template":"","format":"standard","meta":{"footnotes":""},"categories":[5],"tags":[],"class_list":["post-3135","post","type-post","status-publish","format-standard","has-post-thumbnail","hentry","category-salud"],"_links":{"self":[{"href":"https:\/\/sertv.gob.pa\/nacionalfm\/wp-json\/wp\/v2\/posts\/3135","targetHints":{"allow":["GET"]}}],"collection":[{"href":"https:\/\/sertv.gob.pa\/nacionalfm\/wp-json\/wp\/v2\/posts"}],"about":[{"href":"https:\/\/sertv.gob.pa\/nacionalfm\/wp-json\/wp\/v2\/types\/post"}],"author":[{"embeddable":true,"href":"https:\/\/sertv.gob.pa\/nacionalfm\/wp-json\/wp\/v2\/users\/1"}],"replies":[{"embeddable":true,"href":"https:\/\/sertv.gob.pa\/nacionalfm\/wp-json\/wp\/v2\/comments?post=3135"}],"version-history":[{"count":0,"href":"https:\/\/sertv.gob.pa\/nacionalfm\/wp-json\/wp\/v2\/posts\/3135\/revisions"}],"wp:featuredmedia":[{"embeddable":true,"href":"https:\/\/sertv.gob.pa\/nacionalfm\/wp-json\/wp\/v2\/media\/3136"}],"wp:attachment":[{"href":"https:\/\/sertv.gob.pa\/nacionalfm\/wp-json\/wp\/v2\/media?parent=3135"}],"wp:term":[{"taxonomy":"category","embeddable":true,"href":"https:\/\/sertv.gob.pa\/nacionalfm\/wp-json\/wp\/v2\/categories?post=3135"},{"taxonomy":"post_tag","embeddable":true,"href":"https:\/\/sertv.gob.pa\/nacionalfm\/wp-json\/wp\/v2\/tags?post=3135"}],"curies":[{"name":"wp","href":"https:\/\/api.w.org\/{rel}","templated":true}]}}