{"id":3149,"date":"2014-12-19T05:00:00","date_gmt":"2014-12-19T05:00:00","guid":{"rendered":""},"modified":"2014-12-19T05:00:00","modified_gmt":"2014-12-19T05:00:00","slug":"el-centro-de-salud-de-san-isidro-estara-cerrado-por-fumigacion","status":"publish","type":"post","link":"https:\/\/sertv.gob.pa\/nacionalfm\/el-centro-de-salud-de-san-isidro-estara-cerrado-por-fumigacion\/","title":{"rendered":"El Centro de Salud de San Isidro estar\u00e1 cerrado por fumigaci\u00f3n"},"content":{"rendered":"<p>\nUna jornada de fumigaci\u00f3n y limpieza\u00a0 en el Centro de Salud de San Isidro, localizado en el distrito de San Miguelito, se llevar\u00e1 a cabo este s\u00e1bado 20 y domingo 21, motivo por el cual se\u00a0 suspender\u00e1 la atenci\u00f3n de salud en los d\u00edas indicados. <\/p>\n<p>Juan Biebarach,\u00a0director de la Regi\u00f3n de Salud de San Miguelito, expres\u00f3 que para no afectar a los residentes de San Isidro se habilitar\u00e1n cub\u00edculos en el Centro de Salud de Torrijos Carter, que labora 24 horas, y en el Centro de Salud de Alcalde D\u00edaz el s\u00e1bado 20 de diciembre, en horario de 6:00 a.m. a 6:00 p.m. y el domingo 21 de diciembre de 7:00 a.m. a 1:00 p.m. \u00a0 <\/p>\n<p>\u00a0 <\/p>\n","protected":false},"excerpt":{"rendered":"<p>Una jornada de fumigaci\u00f3n y limpieza\u00a0 en el Centro de <a href=\"https:\/\/sertv.gob.pa\/nacionalfm\/el-centro-de-salud-de-san-isidro-estara-cerrado-por-fumigacion\/\"> [&#8230;]<\/a><\/p>\n","protected":false},"author":1,"featured_media":3150,"comment_status":"closed","ping_status":"closed","sticky":false,"template":"","format":"standard","meta":{"footnotes":""},"categories":[5],"tags":[],"class_list":["post-3149","post","type-post","status-publish","format-standard","has-post-thumbnail","hentry","category-salud"],"_links":{"self":[{"href":"https:\/\/sertv.gob.pa\/nacionalfm\/wp-json\/wp\/v2\/posts\/3149","targetHints":{"allow":["GET"]}}],"collection":[{"href":"https:\/\/sertv.gob.pa\/nacionalfm\/wp-json\/wp\/v2\/posts"}],"about":[{"href":"https:\/\/sertv.gob.pa\/nacionalfm\/wp-json\/wp\/v2\/types\/post"}],"author":[{"embeddable":true,"href":"https:\/\/sertv.gob.pa\/nacionalfm\/wp-json\/wp\/v2\/users\/1"}],"replies":[{"embeddable":true,"href":"https:\/\/sertv.gob.pa\/nacionalfm\/wp-json\/wp\/v2\/comments?post=3149"}],"version-history":[{"count":0,"href":"https:\/\/sertv.gob.pa\/nacionalfm\/wp-json\/wp\/v2\/posts\/3149\/revisions"}],"wp:featuredmedia":[{"embeddable":true,"href":"https:\/\/sertv.gob.pa\/nacionalfm\/wp-json\/wp\/v2\/media\/3150"}],"wp:attachment":[{"href":"https:\/\/sertv.gob.pa\/nacionalfm\/wp-json\/wp\/v2\/media?parent=3149"}],"wp:term":[{"taxonomy":"category","embeddable":true,"href":"https:\/\/sertv.gob.pa\/nacionalfm\/wp-json\/wp\/v2\/categories?post=3149"},{"taxonomy":"post_tag","embeddable":true,"href":"https:\/\/sertv.gob.pa\/nacionalfm\/wp-json\/wp\/v2\/tags?post=3149"}],"curies":[{"name":"wp","href":"https:\/\/api.w.org\/{rel}","templated":true}]}}