{"id":3151,"date":"2014-12-19T05:00:00","date_gmt":"2014-12-19T05:00:00","guid":{"rendered":""},"modified":"2014-12-19T05:00:00","modified_gmt":"2014-12-19T05:00:00","slug":"confirman-primer-caso-autoctono-de-chikungunya-en-quito","status":"publish","type":"post","link":"https:\/\/sertv.gob.pa\/nacionalfm\/confirman-primer-caso-autoctono-de-chikungunya-en-quito\/","title":{"rendered":"Confirman primer caso aut\u00f3ctono de chikungunya en Quito"},"content":{"rendered":"<p>\nEl primer caso aut\u00f3ctono de chikungunya en Ecuador fue confirmado por la ministra de Salud, Carina Vance, pa\u00eds en donde otras siete personas han reportado esa fiebre pero &lsquo;importada&rsquo;. <\/p>\n<p>David Acurio, viceministro de Gobernanza y Vigilancia de la Salud del Ministerio de Salud P\u00fablica, confirm\u00f3 el s\u00e9ptimo caso &lsquo;importado&rsquo; de chikungunya detectado en el pa\u00eds y mencion\u00f3 la posibilidad de un primer aut\u00f3ctono, en una rueda de prensa en Guayaquil. <\/p>\n<p>El caso &lsquo;importado&rsquo; reportado corresponde a una ecuatoriana que arrib\u00f3 a Guayaquil, provincia del Guayas, procedente de Colombia, con s\u00edntomas de la fiebre, indic\u00f3 el Ministerio en un comunicado. <\/p>\n<p>\u00a0 <\/p>\n","protected":false},"excerpt":{"rendered":"<p>El primer caso aut\u00f3ctono de chikungunya en Ecuador fue confirmado <a href=\"https:\/\/sertv.gob.pa\/nacionalfm\/confirman-primer-caso-autoctono-de-chikungunya-en-quito\/\"> [&#8230;]<\/a><\/p>\n","protected":false},"author":1,"featured_media":3152,"comment_status":"closed","ping_status":"closed","sticky":false,"template":"","format":"standard","meta":{"footnotes":""},"categories":[5],"tags":[],"class_list":["post-3151","post","type-post","status-publish","format-standard","has-post-thumbnail","hentry","category-salud"],"_links":{"self":[{"href":"https:\/\/sertv.gob.pa\/nacionalfm\/wp-json\/wp\/v2\/posts\/3151","targetHints":{"allow":["GET"]}}],"collection":[{"href":"https:\/\/sertv.gob.pa\/nacionalfm\/wp-json\/wp\/v2\/posts"}],"about":[{"href":"https:\/\/sertv.gob.pa\/nacionalfm\/wp-json\/wp\/v2\/types\/post"}],"author":[{"embeddable":true,"href":"https:\/\/sertv.gob.pa\/nacionalfm\/wp-json\/wp\/v2\/users\/1"}],"replies":[{"embeddable":true,"href":"https:\/\/sertv.gob.pa\/nacionalfm\/wp-json\/wp\/v2\/comments?post=3151"}],"version-history":[{"count":0,"href":"https:\/\/sertv.gob.pa\/nacionalfm\/wp-json\/wp\/v2\/posts\/3151\/revisions"}],"wp:featuredmedia":[{"embeddable":true,"href":"https:\/\/sertv.gob.pa\/nacionalfm\/wp-json\/wp\/v2\/media\/3152"}],"wp:attachment":[{"href":"https:\/\/sertv.gob.pa\/nacionalfm\/wp-json\/wp\/v2\/media?parent=3151"}],"wp:term":[{"taxonomy":"category","embeddable":true,"href":"https:\/\/sertv.gob.pa\/nacionalfm\/wp-json\/wp\/v2\/categories?post=3151"},{"taxonomy":"post_tag","embeddable":true,"href":"https:\/\/sertv.gob.pa\/nacionalfm\/wp-json\/wp\/v2\/tags?post=3151"}],"curies":[{"name":"wp","href":"https:\/\/api.w.org\/{rel}","templated":true}]}}