{"id":3171,"date":"2014-12-20T05:00:00","date_gmt":"2014-12-20T05:00:00","guid":{"rendered":""},"modified":"2014-12-20T05:00:00","modified_gmt":"2014-12-20T05:00:00","slug":"nuevo-caso-por-chikungunya-en-betania","status":"publish","type":"post","link":"https:\/\/sertv.gob.pa\/nacionalfm\/nuevo-caso-por-chikungunya-en-betania\/","title":{"rendered":"Nuevo caso por chikungunya en Betania"},"content":{"rendered":"<p>\n Un nuevo caso por chikungunya, \u00a0en el sector de Betania, es confirmado por las autoridades de la Regi\u00f3n Metropolitana.  <\/p>\n<p>Se trata de un adolescente de 14 a\u00f1os que present\u00f3 los s\u00edntomas de la enfermedad. <\/p>\n<p> La informaci\u00f3n fue dada a conocer por el director de la regi\u00f3n Metropolitana, Aurelio Rangel, quien destac\u00f3 que con esta nueva confirmaci\u00f3n ascienden a 33 los casos en el \u00e1rea metropolitana.  <\/p>\n<p>\u00a0 <\/p>\n","protected":false},"excerpt":{"rendered":"<p>Un nuevo caso por chikungunya, \u00a0en el sector de Betania, <a href=\"https:\/\/sertv.gob.pa\/nacionalfm\/nuevo-caso-por-chikungunya-en-betania\/\"> [&#8230;]<\/a><\/p>\n","protected":false},"author":1,"featured_media":3172,"comment_status":"closed","ping_status":"closed","sticky":false,"template":"","format":"standard","meta":{"footnotes":""},"categories":[5],"tags":[],"class_list":["post-3171","post","type-post","status-publish","format-standard","has-post-thumbnail","hentry","category-salud"],"_links":{"self":[{"href":"https:\/\/sertv.gob.pa\/nacionalfm\/wp-json\/wp\/v2\/posts\/3171","targetHints":{"allow":["GET"]}}],"collection":[{"href":"https:\/\/sertv.gob.pa\/nacionalfm\/wp-json\/wp\/v2\/posts"}],"about":[{"href":"https:\/\/sertv.gob.pa\/nacionalfm\/wp-json\/wp\/v2\/types\/post"}],"author":[{"embeddable":true,"href":"https:\/\/sertv.gob.pa\/nacionalfm\/wp-json\/wp\/v2\/users\/1"}],"replies":[{"embeddable":true,"href":"https:\/\/sertv.gob.pa\/nacionalfm\/wp-json\/wp\/v2\/comments?post=3171"}],"version-history":[{"count":0,"href":"https:\/\/sertv.gob.pa\/nacionalfm\/wp-json\/wp\/v2\/posts\/3171\/revisions"}],"wp:featuredmedia":[{"embeddable":true,"href":"https:\/\/sertv.gob.pa\/nacionalfm\/wp-json\/wp\/v2\/media\/3172"}],"wp:attachment":[{"href":"https:\/\/sertv.gob.pa\/nacionalfm\/wp-json\/wp\/v2\/media?parent=3171"}],"wp:term":[{"taxonomy":"category","embeddable":true,"href":"https:\/\/sertv.gob.pa\/nacionalfm\/wp-json\/wp\/v2\/categories?post=3171"},{"taxonomy":"post_tag","embeddable":true,"href":"https:\/\/sertv.gob.pa\/nacionalfm\/wp-json\/wp\/v2\/tags?post=3171"}],"curies":[{"name":"wp","href":"https:\/\/api.w.org\/{rel}","templated":true}]}}