{"id":3181,"date":"2014-12-22T05:00:00","date_gmt":"2014-12-22T05:00:00","guid":{"rendered":""},"modified":"2014-12-22T05:00:00","modified_gmt":"2014-12-22T05:00:00","slug":"minsa-prohibe-fumar-cigarrillos-electronicos-en-lugares-publicos","status":"publish","type":"post","link":"https:\/\/sertv.gob.pa\/nacionalfm\/minsa-prohibe-fumar-cigarrillos-electronicos-en-lugares-publicos\/","title":{"rendered":"Minsa proh\u00edbe fumar cigarrillos electr\u00f3nicos en lugares p\u00fablicos"},"content":{"rendered":"<p>\nEl Ministerio de Salud prohibi\u00f3 fumar cigarrillos electr\u00f3nicos en lugares p\u00fablicos.La informaci\u00f3n fue publicada a\u00a0trav\u00e9s del Decreto Ejecutivo 1838 del 5 de diciembre de 2014, contenido en la\u00a0Gaceta Oficial\u00a027678-A. <\/p>\n<p>La norma firmada por el presidente de la Rep\u00fablica, Juan Carlos Varela, y el ministro de Salud, Javier Terrientes, contiene una extensa lista de sitios en donde no se podr\u00e1 utilizar estos dispositivos, tengan o no nicotina. <\/p>\n<p>La comercializaci\u00f3n de cigarrillos electr\u00f3nicos se halla prohibida en Panam\u00e1 desde el a\u00f1o 2009. No obstante, las leyes actuales permiten que puedan ser adquiridos por internet o en el exterior. <\/p>\n<p>Con esta prohibici\u00f3n del uso\u00a0de estos dispositivos se busca reducir los efectos nocivos para la salud. <\/p>\n<p>\u00a0 <\/p>\n","protected":false},"excerpt":{"rendered":"<p>El Ministerio de Salud prohibi\u00f3 fumar cigarrillos electr\u00f3nicos en lugares <a href=\"https:\/\/sertv.gob.pa\/nacionalfm\/minsa-prohibe-fumar-cigarrillos-electronicos-en-lugares-publicos\/\"> [&#8230;]<\/a><\/p>\n","protected":false},"author":1,"featured_media":3182,"comment_status":"closed","ping_status":"closed","sticky":false,"template":"","format":"standard","meta":{"footnotes":""},"categories":[5],"tags":[],"class_list":["post-3181","post","type-post","status-publish","format-standard","has-post-thumbnail","hentry","category-salud"],"_links":{"self":[{"href":"https:\/\/sertv.gob.pa\/nacionalfm\/wp-json\/wp\/v2\/posts\/3181","targetHints":{"allow":["GET"]}}],"collection":[{"href":"https:\/\/sertv.gob.pa\/nacionalfm\/wp-json\/wp\/v2\/posts"}],"about":[{"href":"https:\/\/sertv.gob.pa\/nacionalfm\/wp-json\/wp\/v2\/types\/post"}],"author":[{"embeddable":true,"href":"https:\/\/sertv.gob.pa\/nacionalfm\/wp-json\/wp\/v2\/users\/1"}],"replies":[{"embeddable":true,"href":"https:\/\/sertv.gob.pa\/nacionalfm\/wp-json\/wp\/v2\/comments?post=3181"}],"version-history":[{"count":0,"href":"https:\/\/sertv.gob.pa\/nacionalfm\/wp-json\/wp\/v2\/posts\/3181\/revisions"}],"wp:featuredmedia":[{"embeddable":true,"href":"https:\/\/sertv.gob.pa\/nacionalfm\/wp-json\/wp\/v2\/media\/3182"}],"wp:attachment":[{"href":"https:\/\/sertv.gob.pa\/nacionalfm\/wp-json\/wp\/v2\/media?parent=3181"}],"wp:term":[{"taxonomy":"category","embeddable":true,"href":"https:\/\/sertv.gob.pa\/nacionalfm\/wp-json\/wp\/v2\/categories?post=3181"},{"taxonomy":"post_tag","embeddable":true,"href":"https:\/\/sertv.gob.pa\/nacionalfm\/wp-json\/wp\/v2\/tags?post=3181"}],"curies":[{"name":"wp","href":"https:\/\/api.w.org\/{rel}","templated":true}]}}