{"id":3197,"date":"2014-12-23T05:00:00","date_gmt":"2014-12-23T05:00:00","guid":{"rendered":""},"modified":"2014-12-23T05:00:00","modified_gmt":"2014-12-23T05:00:00","slug":"alerta-verde-es-decretada-en-el-hospital-santo-tomas","status":"publish","type":"post","link":"https:\/\/sertv.gob.pa\/nacionalfm\/alerta-verde-es-decretada-en-el-hospital-santo-tomas\/","title":{"rendered":"Alerta verde es decretada en el Hospital Santo Tom\u00e1s"},"content":{"rendered":"<p>\nDebido al incremento de urgencias m\u00e9dicas que se esperan para Navidad y A\u00f1o Nuevo, el Hospital Santo Tom\u00e1s (HST) decret\u00f3 una alerta verde (o preventiva) en todo el nosocomio. <\/p>\n<p>En espec\u00edfico, la sala de urgencia del concurrido hospital citadino se prepara para un aumento significativo de pacientes en Navidad (24 y 25 de diciembre), y A\u00f1o Nuevo (31 de diciembre y 1 de enero). <\/p>\n<p>Nixia Ballesteros, coordinadora del servicio de urgencias, explic\u00f3 que los fines de semana regulares el HST atiende entre 500 y 600 urgencias. En las festividades de fin de a\u00f1o aumenta entre 25% y 50%. <\/p>\n<p>La prioridad ser\u00e1n los pacientes que ingresen por traumas: ri\u00f1as, heridos con armas, accidentes automovil\u00edsticos y los quemados por pirotecnia. <\/p>\n<p>\u00a0 <\/p>\n<p>\u00a0 <\/p>\n","protected":false},"excerpt":{"rendered":"<p>Debido al incremento de urgencias m\u00e9dicas que se esperan para <a href=\"https:\/\/sertv.gob.pa\/nacionalfm\/alerta-verde-es-decretada-en-el-hospital-santo-tomas\/\"> [&#8230;]<\/a><\/p>\n","protected":false},"author":1,"featured_media":3198,"comment_status":"closed","ping_status":"closed","sticky":false,"template":"","format":"standard","meta":{"footnotes":""},"categories":[5],"tags":[],"class_list":["post-3197","post","type-post","status-publish","format-standard","has-post-thumbnail","hentry","category-salud"],"_links":{"self":[{"href":"https:\/\/sertv.gob.pa\/nacionalfm\/wp-json\/wp\/v2\/posts\/3197","targetHints":{"allow":["GET"]}}],"collection":[{"href":"https:\/\/sertv.gob.pa\/nacionalfm\/wp-json\/wp\/v2\/posts"}],"about":[{"href":"https:\/\/sertv.gob.pa\/nacionalfm\/wp-json\/wp\/v2\/types\/post"}],"author":[{"embeddable":true,"href":"https:\/\/sertv.gob.pa\/nacionalfm\/wp-json\/wp\/v2\/users\/1"}],"replies":[{"embeddable":true,"href":"https:\/\/sertv.gob.pa\/nacionalfm\/wp-json\/wp\/v2\/comments?post=3197"}],"version-history":[{"count":0,"href":"https:\/\/sertv.gob.pa\/nacionalfm\/wp-json\/wp\/v2\/posts\/3197\/revisions"}],"wp:featuredmedia":[{"embeddable":true,"href":"https:\/\/sertv.gob.pa\/nacionalfm\/wp-json\/wp\/v2\/media\/3198"}],"wp:attachment":[{"href":"https:\/\/sertv.gob.pa\/nacionalfm\/wp-json\/wp\/v2\/media?parent=3197"}],"wp:term":[{"taxonomy":"category","embeddable":true,"href":"https:\/\/sertv.gob.pa\/nacionalfm\/wp-json\/wp\/v2\/categories?post=3197"},{"taxonomy":"post_tag","embeddable":true,"href":"https:\/\/sertv.gob.pa\/nacionalfm\/wp-json\/wp\/v2\/tags?post=3197"}],"curies":[{"name":"wp","href":"https:\/\/api.w.org\/{rel}","templated":true}]}}