{"id":3203,"date":"2014-12-23T05:00:00","date_gmt":"2014-12-23T05:00:00","guid":{"rendered":""},"modified":"2014-12-23T05:00:00","modified_gmt":"2014-12-23T05:00:00","slug":"reforzaran-servicios-de-salud-por-motivo-de-fiestas-de-fin-de-ano","status":"publish","type":"post","link":"https:\/\/sertv.gob.pa\/nacionalfm\/reforzaran-servicios-de-salud-por-motivo-de-fiestas-de-fin-de-ano\/","title":{"rendered":"Reforzar\u00e1n servicios de salud por motivo de fiestas de fin de a\u00f1o"},"content":{"rendered":"<p>\nEl director de la Regi\u00f3n de Salud de San Miguelito, Juan Bibarach, manifest\u00f3, este martes, que los centros de salud de Torrijos Carter, San Isidro y el Hospital San Miguel Arc\u00e1ngel se mantendr\u00e1n en alerta y se reforzar\u00e1 el personal m\u00e9dico y de enfermer\u00eda por motivo de las fiestas de Navidad y fin de a\u00f1o. <\/p>\n<p>En Navidad, esta medida\u00a0 inicia desde ma\u00f1ana a las 6:00 a.m. hasta\u00a0 el\u00a0 pr\u00f3ximo 26 de diciembre, mientras que para fin de a\u00f1o empezar\u00e1 a las 6:p.m\u00a0 del 31 de\u00a0diciembre\u00a0hasta las 6:00 a.m. del 2 de enero de 2015. <\/p>\n<p>El doctor\u00a0 Biebarach indic\u00f3 que esta medida obedece a que en las fiestas de fin de a\u00f1o se incrementa la atenci\u00f3n de\u00a0pacientes\u00a0por ri\u00f1as con arma de\u00a0fuego y\u00a0punzocortantes,\u00a0as\u00ed\u00a0como por accidentes de tr\u00e1nsito. <\/p>\n<p>Tambi\u00e9n se\u00f1al\u00f3 que gir\u00f3 instrucciones en este mes para que los departamentos de protecci\u00f3n de alimentos y saneamiento ambiental de los ocho centros de salud del distrito de San Miguelito realicen operativos permanentes de vigilancia y control en los puntos de venta de productos c\u00e1rnicos como: jam\u00f3n y pavo e igualmente la venta de frutas en las inmediaciones de los supermercados y centros comerciales. <\/p>\n<p>&ldquo;Es importante que la poblaci\u00f3n sea recelosa al momento de elegir estos alimentos que deben traer impresa la fecha de vencimiento, adem\u00e1s observar \u00a0cuidadosamente que el lugar\u00a0 donde se ofertan los productos\u00a0no est\u00e9n ubicados cerca de dep\u00f3sitos de basura y aguas servidas&rdquo;, recomend\u00f3 \u00a0el doctor\u00a0 Biebarach, a la vez\u00a0 agreg\u00f3 que el vigilante de lo que consume es el propio consumidor. <\/p>\n<p>El Ministerio de Salud (MINSA) mantiene habilitada la l\u00ednea 311 para que la poblaci\u00f3n denuncie las irregularidades en materia de salud. <\/p>\n<p>\u00a0 <\/p>\n","protected":false},"excerpt":{"rendered":"<p>El director de la Regi\u00f3n de Salud de San Miguelito, <a href=\"https:\/\/sertv.gob.pa\/nacionalfm\/reforzaran-servicios-de-salud-por-motivo-de-fiestas-de-fin-de-ano\/\"> [&#8230;]<\/a><\/p>\n","protected":false},"author":1,"featured_media":3204,"comment_status":"closed","ping_status":"closed","sticky":false,"template":"","format":"standard","meta":{"footnotes":""},"categories":[5],"tags":[],"class_list":["post-3203","post","type-post","status-publish","format-standard","has-post-thumbnail","hentry","category-salud"],"_links":{"self":[{"href":"https:\/\/sertv.gob.pa\/nacionalfm\/wp-json\/wp\/v2\/posts\/3203","targetHints":{"allow":["GET"]}}],"collection":[{"href":"https:\/\/sertv.gob.pa\/nacionalfm\/wp-json\/wp\/v2\/posts"}],"about":[{"href":"https:\/\/sertv.gob.pa\/nacionalfm\/wp-json\/wp\/v2\/types\/post"}],"author":[{"embeddable":true,"href":"https:\/\/sertv.gob.pa\/nacionalfm\/wp-json\/wp\/v2\/users\/1"}],"replies":[{"embeddable":true,"href":"https:\/\/sertv.gob.pa\/nacionalfm\/wp-json\/wp\/v2\/comments?post=3203"}],"version-history":[{"count":0,"href":"https:\/\/sertv.gob.pa\/nacionalfm\/wp-json\/wp\/v2\/posts\/3203\/revisions"}],"wp:featuredmedia":[{"embeddable":true,"href":"https:\/\/sertv.gob.pa\/nacionalfm\/wp-json\/wp\/v2\/media\/3204"}],"wp:attachment":[{"href":"https:\/\/sertv.gob.pa\/nacionalfm\/wp-json\/wp\/v2\/media?parent=3203"}],"wp:term":[{"taxonomy":"category","embeddable":true,"href":"https:\/\/sertv.gob.pa\/nacionalfm\/wp-json\/wp\/v2\/categories?post=3203"},{"taxonomy":"post_tag","embeddable":true,"href":"https:\/\/sertv.gob.pa\/nacionalfm\/wp-json\/wp\/v2\/tags?post=3203"}],"curies":[{"name":"wp","href":"https:\/\/api.w.org\/{rel}","templated":true}]}}