{"id":3207,"date":"2014-12-24T05:00:00","date_gmt":"2014-12-24T05:00:00","guid":{"rendered":""},"modified":"2014-12-24T05:00:00","modified_gmt":"2014-12-24T05:00:00","slug":"contrato-para-la-construccion-del-ion-sera-suspendido","status":"publish","type":"post","link":"https:\/\/sertv.gob.pa\/nacionalfm\/contrato-para-la-construccion-del-ion-sera-suspendido\/","title":{"rendered":"Contrato para la construcci\u00f3n del ION ser\u00e1 suspendido"},"content":{"rendered":"<p>\nEl Ministerio de Salud (Minsa) dar\u00e1 por terminado el contrato que suscribi\u00f3 con el consorcio Nuevo ION de Panam\u00e1, para el dise\u00f1o, construcci\u00f3n y financiamiento del nuevo Instituto Oncol\u00f3gico Nacional (ION), en el antiguo campo de antenas de Clayton. <\/p>\n<p>Seg\u00fan una nota de prensa de la Presidencia de la Rep\u00fablica, la decisi\u00f3n, que fue avalada en el \u00faltimo Consejo de Gabinete se fundamenta en una &ldquo;serie de anomal\u00edas&rdquo;\u00a0 halladas &ldquo;desde el proceso de evaluaci\u00f3n hasta la adjudicaci\u00f3n&rdquo; del proyecto. Entre las anomal\u00edas est\u00e1 la omisi\u00f3n de hasta 7,500 metros cuadrados de ambientes, la no inclusi\u00f3n de alrededor del 70% del equipamiento y cambios en los pliegos de cargos durante el periodo de evaluaci\u00f3n. <\/p>\n<p>A\u00f1ade que el pliego sufri\u00f3 cambios que no fueron autorizados por el equipo m\u00e9dico-t\u00e9cnico del ION. De hecho, el personal del instituto fue excluido de las comisiones evaluadoras y de verificaci\u00f3n de precios. <\/p>\n","protected":false},"excerpt":{"rendered":"<p>El Ministerio de Salud (Minsa) dar\u00e1 por terminado el contrato <a href=\"https:\/\/sertv.gob.pa\/nacionalfm\/contrato-para-la-construccion-del-ion-sera-suspendido\/\"> [&#8230;]<\/a><\/p>\n","protected":false},"author":1,"featured_media":3208,"comment_status":"closed","ping_status":"closed","sticky":false,"template":"","format":"standard","meta":{"footnotes":""},"categories":[5],"tags":[],"class_list":["post-3207","post","type-post","status-publish","format-standard","has-post-thumbnail","hentry","category-salud"],"_links":{"self":[{"href":"https:\/\/sertv.gob.pa\/nacionalfm\/wp-json\/wp\/v2\/posts\/3207","targetHints":{"allow":["GET"]}}],"collection":[{"href":"https:\/\/sertv.gob.pa\/nacionalfm\/wp-json\/wp\/v2\/posts"}],"about":[{"href":"https:\/\/sertv.gob.pa\/nacionalfm\/wp-json\/wp\/v2\/types\/post"}],"author":[{"embeddable":true,"href":"https:\/\/sertv.gob.pa\/nacionalfm\/wp-json\/wp\/v2\/users\/1"}],"replies":[{"embeddable":true,"href":"https:\/\/sertv.gob.pa\/nacionalfm\/wp-json\/wp\/v2\/comments?post=3207"}],"version-history":[{"count":0,"href":"https:\/\/sertv.gob.pa\/nacionalfm\/wp-json\/wp\/v2\/posts\/3207\/revisions"}],"wp:featuredmedia":[{"embeddable":true,"href":"https:\/\/sertv.gob.pa\/nacionalfm\/wp-json\/wp\/v2\/media\/3208"}],"wp:attachment":[{"href":"https:\/\/sertv.gob.pa\/nacionalfm\/wp-json\/wp\/v2\/media?parent=3207"}],"wp:term":[{"taxonomy":"category","embeddable":true,"href":"https:\/\/sertv.gob.pa\/nacionalfm\/wp-json\/wp\/v2\/categories?post=3207"},{"taxonomy":"post_tag","embeddable":true,"href":"https:\/\/sertv.gob.pa\/nacionalfm\/wp-json\/wp\/v2\/tags?post=3207"}],"curies":[{"name":"wp","href":"https:\/\/api.w.org\/{rel}","templated":true}]}}