{"id":3215,"date":"2014-12-26T05:00:00","date_gmt":"2014-12-26T05:00:00","guid":{"rendered":""},"modified":"2014-12-26T05:00:00","modified_gmt":"2014-12-26T05:00:00","slug":"resistencia-a-antibioticos-podria-matar-a-millones","status":"publish","type":"post","link":"https:\/\/sertv.gob.pa\/nacionalfm\/resistencia-a-antibioticos-podria-matar-a-millones\/","title":{"rendered":"Resistencia a antibi\u00f3ticos podr\u00eda matar a millones"},"content":{"rendered":"<p>\nUn estudio encargado por el gobierno brit\u00e1nico concluy\u00f3 que la resistencia a los antibi\u00f3ticos podr\u00eda ser responsable de 10 millones de decesos al a\u00f1o hacia 2050. <\/p>\n<p>El Informe sobre resistencia antimicrobiana recuerda que las operaciones quir\u00fargicas han podido extenderse y perdido peligrosidad gracias a los antibi\u00f3ticos, y que intervenciones como las ces\u00e1reas podr\u00edan volverse m\u00e1s peligrosas. <\/p>\n<p>El informe encargado por el primer ministro brit\u00e1nico, David Cameron, fue dirigido por Jim O&rsquo;Neill, el ex economista jefe del banco de inversi\u00f3n estadounidense Goldman Sachs, e incluy\u00f3 a expertos brit\u00e1nicos de alto nivel. <\/p>\n<p>En comparaci\u00f3n, el estudio estima que la segunda mayor causa de muerte, c\u00e1ncer, dar\u00e1 cuenta de 8,2 millones de muertes al a\u00f1o en 2050. <\/p>\n<p>Las infecciones resistentes a los antimicrobianos en la actualidad se cobran al menos 50 mil vidas cada a\u00f1o en toda Europa y Estados Unidos solamente,\u00bb a\u00f1adi\u00f3. <\/p>\n<p>\u00a0 <\/p>\n","protected":false},"excerpt":{"rendered":"<p>Un estudio encargado por el gobierno brit\u00e1nico concluy\u00f3 que la <a href=\"https:\/\/sertv.gob.pa\/nacionalfm\/resistencia-a-antibioticos-podria-matar-a-millones\/\"> [&#8230;]<\/a><\/p>\n","protected":false},"author":1,"featured_media":3216,"comment_status":"closed","ping_status":"closed","sticky":false,"template":"","format":"standard","meta":{"footnotes":""},"categories":[5],"tags":[],"class_list":["post-3215","post","type-post","status-publish","format-standard","has-post-thumbnail","hentry","category-salud"],"_links":{"self":[{"href":"https:\/\/sertv.gob.pa\/nacionalfm\/wp-json\/wp\/v2\/posts\/3215","targetHints":{"allow":["GET"]}}],"collection":[{"href":"https:\/\/sertv.gob.pa\/nacionalfm\/wp-json\/wp\/v2\/posts"}],"about":[{"href":"https:\/\/sertv.gob.pa\/nacionalfm\/wp-json\/wp\/v2\/types\/post"}],"author":[{"embeddable":true,"href":"https:\/\/sertv.gob.pa\/nacionalfm\/wp-json\/wp\/v2\/users\/1"}],"replies":[{"embeddable":true,"href":"https:\/\/sertv.gob.pa\/nacionalfm\/wp-json\/wp\/v2\/comments?post=3215"}],"version-history":[{"count":0,"href":"https:\/\/sertv.gob.pa\/nacionalfm\/wp-json\/wp\/v2\/posts\/3215\/revisions"}],"wp:featuredmedia":[{"embeddable":true,"href":"https:\/\/sertv.gob.pa\/nacionalfm\/wp-json\/wp\/v2\/media\/3216"}],"wp:attachment":[{"href":"https:\/\/sertv.gob.pa\/nacionalfm\/wp-json\/wp\/v2\/media?parent=3215"}],"wp:term":[{"taxonomy":"category","embeddable":true,"href":"https:\/\/sertv.gob.pa\/nacionalfm\/wp-json\/wp\/v2\/categories?post=3215"},{"taxonomy":"post_tag","embeddable":true,"href":"https:\/\/sertv.gob.pa\/nacionalfm\/wp-json\/wp\/v2\/tags?post=3215"}],"curies":[{"name":"wp","href":"https:\/\/api.w.org\/{rel}","templated":true}]}}