{"id":3243,"date":"2014-12-30T05:00:00","date_gmt":"2014-12-30T05:00:00","guid":{"rendered":""},"modified":"2014-12-30T05:00:00","modified_gmt":"2014-12-30T05:00:00","slug":"numero-de-infectados-por-virus-del-ebola-supera-los-20-000","status":"publish","type":"post","link":"https:\/\/sertv.gob.pa\/nacionalfm\/numero-de-infectados-por-virus-del-ebola-supera-los-20-000\/","title":{"rendered":"N\u00famero de infectados por virus del \u00e9bola supera los 20.000"},"content":{"rendered":"<p>\nDe acuerdo al \u00faltimo recuento de la Organizaci\u00f3n Mundial de la Salud (OMS), dado a conocer este lunes, el n\u00famero de personas infectadas por el \u00e9bola en \u00c1frica Occidental se sit\u00faa en 20.081. <\/p>\n<p>De esa cifra, un total 7.842 personas ha fallecido como consecuencia del virus en los pa\u00edses m\u00e1s afectados: Sierra Leona, Liberia y Guinea. <\/p>\n<p>M\u00e1s de un tercio de los casos se han registrado en Sierra Leona, el pa\u00eds m\u00e1s azotado por la enfermedad, con 9.409 contagios y 2.732 muertos. <\/p>\n<p>Este es la peor epidemia de \u00e9bola desde que el virus fue descubierto en 1976 a 100 kil\u00f3metros del r\u00edo \u00c9bola, en la Rep\u00fablica Democr\u00e1tica del Congo. <\/p>\n<p>\u00a0 <\/p>\n","protected":false},"excerpt":{"rendered":"<p>De acuerdo al \u00faltimo recuento de la Organizaci\u00f3n Mundial de <a href=\"https:\/\/sertv.gob.pa\/nacionalfm\/numero-de-infectados-por-virus-del-ebola-supera-los-20-000\/\"> [&#8230;]<\/a><\/p>\n","protected":false},"author":1,"featured_media":3244,"comment_status":"closed","ping_status":"closed","sticky":false,"template":"","format":"standard","meta":{"footnotes":""},"categories":[5],"tags":[],"class_list":["post-3243","post","type-post","status-publish","format-standard","has-post-thumbnail","hentry","category-salud"],"_links":{"self":[{"href":"https:\/\/sertv.gob.pa\/nacionalfm\/wp-json\/wp\/v2\/posts\/3243","targetHints":{"allow":["GET"]}}],"collection":[{"href":"https:\/\/sertv.gob.pa\/nacionalfm\/wp-json\/wp\/v2\/posts"}],"about":[{"href":"https:\/\/sertv.gob.pa\/nacionalfm\/wp-json\/wp\/v2\/types\/post"}],"author":[{"embeddable":true,"href":"https:\/\/sertv.gob.pa\/nacionalfm\/wp-json\/wp\/v2\/users\/1"}],"replies":[{"embeddable":true,"href":"https:\/\/sertv.gob.pa\/nacionalfm\/wp-json\/wp\/v2\/comments?post=3243"}],"version-history":[{"count":0,"href":"https:\/\/sertv.gob.pa\/nacionalfm\/wp-json\/wp\/v2\/posts\/3243\/revisions"}],"wp:featuredmedia":[{"embeddable":true,"href":"https:\/\/sertv.gob.pa\/nacionalfm\/wp-json\/wp\/v2\/media\/3244"}],"wp:attachment":[{"href":"https:\/\/sertv.gob.pa\/nacionalfm\/wp-json\/wp\/v2\/media?parent=3243"}],"wp:term":[{"taxonomy":"category","embeddable":true,"href":"https:\/\/sertv.gob.pa\/nacionalfm\/wp-json\/wp\/v2\/categories?post=3243"},{"taxonomy":"post_tag","embeddable":true,"href":"https:\/\/sertv.gob.pa\/nacionalfm\/wp-json\/wp\/v2\/tags?post=3243"}],"curies":[{"name":"wp","href":"https:\/\/api.w.org\/{rel}","templated":true}]}}