{"id":325,"date":"2014-07-16T05:00:00","date_gmt":"2014-07-16T05:00:00","guid":{"rendered":""},"modified":"2014-07-16T05:00:00","modified_gmt":"2014-07-16T05:00:00","slug":"temen-contaminacion-de-agua-potable","status":"publish","type":"post","link":"https:\/\/sertv.gob.pa\/nacionalfm\/temen-contaminacion-de-agua-potable\/","title":{"rendered":"Temen contaminaci\u00f3n de agua potable"},"content":{"rendered":"<p>\nDebido a un posible colapso de un tanque s\u00e9ptico, unos 1,000 residentes en Finca 4, corregimiento de Changuinola, temen que las aguas negras contaminen el agua potable y se produzca un problema de salud. <\/p>\n<p>Los moradores se quejan por el mal olor, y su mayor temor es que se d\u00e9 una contaminaci\u00f3n porque se ven tuber\u00edas amarradas con ligas o pl\u00e1sticos, sumergidas en las aguas negras. <\/p>\n<p>Autoridades del Idaan dieron a conocer que una cuadrilla de especialistas llegar\u00e1 al \u00e1rea con el equipo necesario para solucionar el problema. @nacionalFm <\/p>\n<p>\u00a0 <\/p>\n<p>\u00a0 <\/p>\n","protected":false},"excerpt":{"rendered":"<p>Debido a un posible colapso de un tanque s\u00e9ptico, unos <a href=\"https:\/\/sertv.gob.pa\/nacionalfm\/temen-contaminacion-de-agua-potable\/\"> [&#8230;]<\/a><\/p>\n","protected":false},"author":1,"featured_media":326,"comment_status":"closed","ping_status":"closed","sticky":false,"template":"","format":"standard","meta":{"footnotes":""},"categories":[5],"tags":[],"class_list":["post-325","post","type-post","status-publish","format-standard","has-post-thumbnail","hentry","category-salud"],"_links":{"self":[{"href":"https:\/\/sertv.gob.pa\/nacionalfm\/wp-json\/wp\/v2\/posts\/325","targetHints":{"allow":["GET"]}}],"collection":[{"href":"https:\/\/sertv.gob.pa\/nacionalfm\/wp-json\/wp\/v2\/posts"}],"about":[{"href":"https:\/\/sertv.gob.pa\/nacionalfm\/wp-json\/wp\/v2\/types\/post"}],"author":[{"embeddable":true,"href":"https:\/\/sertv.gob.pa\/nacionalfm\/wp-json\/wp\/v2\/users\/1"}],"replies":[{"embeddable":true,"href":"https:\/\/sertv.gob.pa\/nacionalfm\/wp-json\/wp\/v2\/comments?post=325"}],"version-history":[{"count":0,"href":"https:\/\/sertv.gob.pa\/nacionalfm\/wp-json\/wp\/v2\/posts\/325\/revisions"}],"wp:featuredmedia":[{"embeddable":true,"href":"https:\/\/sertv.gob.pa\/nacionalfm\/wp-json\/wp\/v2\/media\/326"}],"wp:attachment":[{"href":"https:\/\/sertv.gob.pa\/nacionalfm\/wp-json\/wp\/v2\/media?parent=325"}],"wp:term":[{"taxonomy":"category","embeddable":true,"href":"https:\/\/sertv.gob.pa\/nacionalfm\/wp-json\/wp\/v2\/categories?post=325"},{"taxonomy":"post_tag","embeddable":true,"href":"https:\/\/sertv.gob.pa\/nacionalfm\/wp-json\/wp\/v2\/tags?post=325"}],"curies":[{"name":"wp","href":"https:\/\/api.w.org\/{rel}","templated":true}]}}