{"id":3255,"date":"2014-12-31T05:00:00","date_gmt":"2014-12-31T05:00:00","guid":{"rendered":""},"modified":"2014-12-31T05:00:00","modified_gmt":"2014-12-31T05:00:00","slug":"realizan-36-cirugias-de-cataratas-en-2-dias-en-chitre","status":"publish","type":"post","link":"https:\/\/sertv.gob.pa\/nacionalfm\/realizan-36-cirugias-de-cataratas-en-2-dias-en-chitre\/","title":{"rendered":"Realizan 36 cirug\u00edas de cataratas en 2 d\u00edas en Chitr\u00e9"},"content":{"rendered":"<p>\nUnas 36 cirug\u00edas de cataratas se llevaron a cabo en el fin de semana en el Hospital Nelson Collado, de Chitr\u00e9, en Herrera. Estas intervenciones forman parte del Programa Nacional de Reducci\u00f3n de Mora Quir\u00fargica, que desde el pasado 15 de diciembre comenz\u00f3 la Caja de Seguro Social (CSS) en varios centros hospitalarios. <\/p>\n<p>Carlos D\u00edaz, coordinador de Oftalmolog\u00eda de la CSS,\u00a0 manifest\u00f3 que en enero se tienen programadas jornadas similares en la regi\u00f3n de Azuero. <\/p>\n<p>\u00a0La mora quir\u00fargica de cataratas asciende a 3,327 cirug\u00edas pendientes. <\/p>\n<p>\u00a0 <\/p>\n","protected":false},"excerpt":{"rendered":"<p>Unas 36 cirug\u00edas de cataratas se llevaron a cabo en <a href=\"https:\/\/sertv.gob.pa\/nacionalfm\/realizan-36-cirugias-de-cataratas-en-2-dias-en-chitre\/\"> [&#8230;]<\/a><\/p>\n","protected":false},"author":1,"featured_media":3256,"comment_status":"closed","ping_status":"closed","sticky":false,"template":"","format":"standard","meta":{"footnotes":""},"categories":[5],"tags":[],"class_list":["post-3255","post","type-post","status-publish","format-standard","has-post-thumbnail","hentry","category-salud"],"_links":{"self":[{"href":"https:\/\/sertv.gob.pa\/nacionalfm\/wp-json\/wp\/v2\/posts\/3255","targetHints":{"allow":["GET"]}}],"collection":[{"href":"https:\/\/sertv.gob.pa\/nacionalfm\/wp-json\/wp\/v2\/posts"}],"about":[{"href":"https:\/\/sertv.gob.pa\/nacionalfm\/wp-json\/wp\/v2\/types\/post"}],"author":[{"embeddable":true,"href":"https:\/\/sertv.gob.pa\/nacionalfm\/wp-json\/wp\/v2\/users\/1"}],"replies":[{"embeddable":true,"href":"https:\/\/sertv.gob.pa\/nacionalfm\/wp-json\/wp\/v2\/comments?post=3255"}],"version-history":[{"count":0,"href":"https:\/\/sertv.gob.pa\/nacionalfm\/wp-json\/wp\/v2\/posts\/3255\/revisions"}],"wp:featuredmedia":[{"embeddable":true,"href":"https:\/\/sertv.gob.pa\/nacionalfm\/wp-json\/wp\/v2\/media\/3256"}],"wp:attachment":[{"href":"https:\/\/sertv.gob.pa\/nacionalfm\/wp-json\/wp\/v2\/media?parent=3255"}],"wp:term":[{"taxonomy":"category","embeddable":true,"href":"https:\/\/sertv.gob.pa\/nacionalfm\/wp-json\/wp\/v2\/categories?post=3255"},{"taxonomy":"post_tag","embeddable":true,"href":"https:\/\/sertv.gob.pa\/nacionalfm\/wp-json\/wp\/v2\/tags?post=3255"}],"curies":[{"name":"wp","href":"https:\/\/api.w.org\/{rel}","templated":true}]}}