{"id":329,"date":"2014-07-16T05:00:00","date_gmt":"2014-07-16T05:00:00","guid":{"rendered":""},"modified":"2014-07-16T05:00:00","modified_gmt":"2014-07-16T05:00:00","slug":"promueven-chip-subdermico-como-metodo-anticonceptivo","status":"publish","type":"post","link":"https:\/\/sertv.gob.pa\/nacionalfm\/promueven-chip-subdermico-como-metodo-anticonceptivo\/","title":{"rendered":"Promueven chip subd\u00e9rmico como m\u00e9todo anticonceptivo"},"content":{"rendered":"<p>\nEn el marco de un programa para evitar el embarazo adolescente, las autoridades sanitarias de Argentina anunciaron \u00a0la inclusi\u00f3n de otro m\u00e9todo anticonceptivo para distribuir en los hospitales p\u00fablicos. <\/p>\n<p>Se trata del chip subd\u00e9rmico que promueven como m\u00e9todo de f\u00e1cil colocaci\u00f3n, reversible, indoloro, poco invasivo y que desliga a las j\u00f3venes de la ingesta diaria de pastillas. <\/p>\n<p>Seg\u00fan el programa del Ministerio de Salud, este m\u00e9todo tiene 99 % de efectividad durante 3 a\u00f1os.\u00a0 @nacionalFm <\/p>\n<p>\u00a0 <\/p>\n<p>\u00a0 <\/p>\n","protected":false},"excerpt":{"rendered":"<p>En el marco de un programa para evitar el embarazo <a href=\"https:\/\/sertv.gob.pa\/nacionalfm\/promueven-chip-subdermico-como-metodo-anticonceptivo\/\"> [&#8230;]<\/a><\/p>\n","protected":false},"author":1,"featured_media":330,"comment_status":"closed","ping_status":"closed","sticky":false,"template":"","format":"standard","meta":{"footnotes":""},"categories":[5],"tags":[],"class_list":["post-329","post","type-post","status-publish","format-standard","has-post-thumbnail","hentry","category-salud"],"_links":{"self":[{"href":"https:\/\/sertv.gob.pa\/nacionalfm\/wp-json\/wp\/v2\/posts\/329","targetHints":{"allow":["GET"]}}],"collection":[{"href":"https:\/\/sertv.gob.pa\/nacionalfm\/wp-json\/wp\/v2\/posts"}],"about":[{"href":"https:\/\/sertv.gob.pa\/nacionalfm\/wp-json\/wp\/v2\/types\/post"}],"author":[{"embeddable":true,"href":"https:\/\/sertv.gob.pa\/nacionalfm\/wp-json\/wp\/v2\/users\/1"}],"replies":[{"embeddable":true,"href":"https:\/\/sertv.gob.pa\/nacionalfm\/wp-json\/wp\/v2\/comments?post=329"}],"version-history":[{"count":0,"href":"https:\/\/sertv.gob.pa\/nacionalfm\/wp-json\/wp\/v2\/posts\/329\/revisions"}],"wp:featuredmedia":[{"embeddable":true,"href":"https:\/\/sertv.gob.pa\/nacionalfm\/wp-json\/wp\/v2\/media\/330"}],"wp:attachment":[{"href":"https:\/\/sertv.gob.pa\/nacionalfm\/wp-json\/wp\/v2\/media?parent=329"}],"wp:term":[{"taxonomy":"category","embeddable":true,"href":"https:\/\/sertv.gob.pa\/nacionalfm\/wp-json\/wp\/v2\/categories?post=329"},{"taxonomy":"post_tag","embeddable":true,"href":"https:\/\/sertv.gob.pa\/nacionalfm\/wp-json\/wp\/v2\/tags?post=329"}],"curies":[{"name":"wp","href":"https:\/\/api.w.org\/{rel}","templated":true}]}}