{"id":3293,"date":"2015-01-05T05:00:00","date_gmt":"2015-01-05T05:00:00","guid":{"rendered":""},"modified":"2015-01-05T05:00:00","modified_gmt":"2015-01-05T05:00:00","slug":"medicina-para-el-alma-y-el-cuerpo-es-la-musicoterapia","status":"publish","type":"post","link":"https:\/\/sertv.gob.pa\/nacionalfm\/medicina-para-el-alma-y-el-cuerpo-es-la-musicoterapia\/","title":{"rendered":"Medicina para el alma y el cuerpo es la musicoterapia"},"content":{"rendered":"<p>\nAlgunos de los m\u00faltiples beneficios que brinda la musicoterapia son: restaura lesiones cerebrales en partes del cerebro que no est\u00e1n da\u00f1adas, aumenta la comunicaci\u00f3n en ni\u00f1os autistas y con S\u00edndrome de Down y ayuda a dormir a pacientes con problemas del sue\u00f1o. <\/p>\n<p>Y es que esta milenaria terapia ha demostrado que su pr\u00e1ctica, da resultados que ni \u00a0la ciencia y ni el deporte han logrado. <\/p>\n<p>La musicoterapia es la utilizaci\u00f3n de la m\u00fasica como una herramienta terap\u00e9utica para obtener beneficios de la salud en personas de todas las edades desde mujeres embarazadas, beb\u00e9s, ni\u00f1os, adultos y hasta quienes est\u00e1n el borde la muerte, afirm\u00f3 Patricia Z\u00e1rate musicoterapeuta, saxofonista y fundadora del Simposio Latinoamericano de Musicoterapia. <\/p>\n<p>La musicoterapia puede cambiar el mundo, tiene la capacidad de afectar todas las funciones del cerebro cosa que ni el deporte ha logrado, expres\u00f3 Z\u00e1rate, directora ejecutiva del Panam\u00e1 Jazz Festival. <\/p>\n<p>\u00a0 <\/p>\n","protected":false},"excerpt":{"rendered":"<p>Algunos de los m\u00faltiples beneficios que brinda la musicoterapia son: <a href=\"https:\/\/sertv.gob.pa\/nacionalfm\/medicina-para-el-alma-y-el-cuerpo-es-la-musicoterapia\/\"> [&#8230;]<\/a><\/p>\n","protected":false},"author":1,"featured_media":3294,"comment_status":"closed","ping_status":"closed","sticky":false,"template":"","format":"standard","meta":{"footnotes":""},"categories":[5],"tags":[],"class_list":["post-3293","post","type-post","status-publish","format-standard","has-post-thumbnail","hentry","category-salud"],"_links":{"self":[{"href":"https:\/\/sertv.gob.pa\/nacionalfm\/wp-json\/wp\/v2\/posts\/3293","targetHints":{"allow":["GET"]}}],"collection":[{"href":"https:\/\/sertv.gob.pa\/nacionalfm\/wp-json\/wp\/v2\/posts"}],"about":[{"href":"https:\/\/sertv.gob.pa\/nacionalfm\/wp-json\/wp\/v2\/types\/post"}],"author":[{"embeddable":true,"href":"https:\/\/sertv.gob.pa\/nacionalfm\/wp-json\/wp\/v2\/users\/1"}],"replies":[{"embeddable":true,"href":"https:\/\/sertv.gob.pa\/nacionalfm\/wp-json\/wp\/v2\/comments?post=3293"}],"version-history":[{"count":0,"href":"https:\/\/sertv.gob.pa\/nacionalfm\/wp-json\/wp\/v2\/posts\/3293\/revisions"}],"wp:featuredmedia":[{"embeddable":true,"href":"https:\/\/sertv.gob.pa\/nacionalfm\/wp-json\/wp\/v2\/media\/3294"}],"wp:attachment":[{"href":"https:\/\/sertv.gob.pa\/nacionalfm\/wp-json\/wp\/v2\/media?parent=3293"}],"wp:term":[{"taxonomy":"category","embeddable":true,"href":"https:\/\/sertv.gob.pa\/nacionalfm\/wp-json\/wp\/v2\/categories?post=3293"},{"taxonomy":"post_tag","embeddable":true,"href":"https:\/\/sertv.gob.pa\/nacionalfm\/wp-json\/wp\/v2\/tags?post=3293"}],"curies":[{"name":"wp","href":"https:\/\/api.w.org\/{rel}","templated":true}]}}