{"id":3311,"date":"2015-01-06T05:00:00","date_gmt":"2015-01-06T05:00:00","guid":{"rendered":""},"modified":"2015-01-06T05:00:00","modified_gmt":"2015-01-06T05:00:00","slug":"css-abrira-sala-de-partos-en-el-area-este","status":"publish","type":"post","link":"https:\/\/sertv.gob.pa\/nacionalfm\/css-abrira-sala-de-partos-en-el-area-este\/","title":{"rendered":"CSS abrir\u00e1 sala de partos en el \u00e1rea Este"},"content":{"rendered":"<p>\nLa CSS anuncia que pronto se abrir\u00e1 la sala de Neonatolog\u00eda en el hospital regional docente 24 de Diciembre, debido a la gran demanda de partos y ces\u00e1reas en el \u00e1rea este de la ciudad capital. <\/p>\n<p>Para ello se adquirieron equipos que servir\u00e1n de gran ayuda para pacientes con problemas de alto riesgo neonatal, como son: problemas respiratorios, infecciosos, gastrointestinales y cong\u00e9nitos que pueden amenazar la vida del paciente. <\/p>\n<p>Entre los equipos adquiridos est\u00e1n las incubadoras abiertas que son usadas para la atenci\u00f3n de neonatos con problemas respiratorios y que presentan ictericia (color amarillo de la piel), en cambio las cerradas son \u00fatiles para problemas de control de temperatura propios de los neonatos prematuros. <\/p>\n<p>Uno de los beneficios que traer\u00e1 esta sala, es que los padres de los peque\u00f1os no tendr\u00e1n que viajar de tan lejos para recibir atenci\u00f3n, sino que dentro de su \u00e1rea de residencia podr\u00e1n obtener este servicio. <\/p>\n","protected":false},"excerpt":{"rendered":"<p>La CSS anuncia que pronto se abrir\u00e1 la sala de <a href=\"https:\/\/sertv.gob.pa\/nacionalfm\/css-abrira-sala-de-partos-en-el-area-este\/\"> [&#8230;]<\/a><\/p>\n","protected":false},"author":1,"featured_media":3312,"comment_status":"closed","ping_status":"closed","sticky":false,"template":"","format":"standard","meta":{"footnotes":""},"categories":[5],"tags":[],"class_list":["post-3311","post","type-post","status-publish","format-standard","has-post-thumbnail","hentry","category-salud"],"_links":{"self":[{"href":"https:\/\/sertv.gob.pa\/nacionalfm\/wp-json\/wp\/v2\/posts\/3311","targetHints":{"allow":["GET"]}}],"collection":[{"href":"https:\/\/sertv.gob.pa\/nacionalfm\/wp-json\/wp\/v2\/posts"}],"about":[{"href":"https:\/\/sertv.gob.pa\/nacionalfm\/wp-json\/wp\/v2\/types\/post"}],"author":[{"embeddable":true,"href":"https:\/\/sertv.gob.pa\/nacionalfm\/wp-json\/wp\/v2\/users\/1"}],"replies":[{"embeddable":true,"href":"https:\/\/sertv.gob.pa\/nacionalfm\/wp-json\/wp\/v2\/comments?post=3311"}],"version-history":[{"count":0,"href":"https:\/\/sertv.gob.pa\/nacionalfm\/wp-json\/wp\/v2\/posts\/3311\/revisions"}],"wp:featuredmedia":[{"embeddable":true,"href":"https:\/\/sertv.gob.pa\/nacionalfm\/wp-json\/wp\/v2\/media\/3312"}],"wp:attachment":[{"href":"https:\/\/sertv.gob.pa\/nacionalfm\/wp-json\/wp\/v2\/media?parent=3311"}],"wp:term":[{"taxonomy":"category","embeddable":true,"href":"https:\/\/sertv.gob.pa\/nacionalfm\/wp-json\/wp\/v2\/categories?post=3311"},{"taxonomy":"post_tag","embeddable":true,"href":"https:\/\/sertv.gob.pa\/nacionalfm\/wp-json\/wp\/v2\/tags?post=3311"}],"curies":[{"name":"wp","href":"https:\/\/api.w.org\/{rel}","templated":true}]}}