{"id":3325,"date":"2015-01-07T05:00:00","date_gmt":"2015-01-07T05:00:00","guid":{"rendered":""},"modified":"2015-01-07T05:00:00","modified_gmt":"2015-01-07T05:00:00","slug":"subcentros-de-salud-en-areas-rurales-seran-reabiertos","status":"publish","type":"post","link":"https:\/\/sertv.gob.pa\/nacionalfm\/subcentros-de-salud-en-areas-rurales-seran-reabiertos\/","title":{"rendered":"Subcentros de salud en \u00e1reas rurales ser\u00e1n reabiertos"},"content":{"rendered":"<p>\nDos nuevos subcentros de salud ser\u00e1n reabiertos en zonas de dif\u00edcil acceso, luego de permanecer cerrados por varios a\u00f1os, principalmente debido a la falta de recursos para el personal y suministros necesarios para su funcionamiento. <\/p>\n<p>Entre los subcentros que ser\u00e1n reabiertos est\u00e1n el de Cerro Largo y Llano Grande en Oc\u00fa, estructuras que brindar\u00e1n atenci\u00f3n con un m\u00e9dico general una vez por semana, adem\u00e1s de la presencia de una enfermera para el control, vacunaci\u00f3n y promoci\u00f3n de la salud. <\/p>\n<p>Alcibiades Dom\u00ednguez, director de Salud de Herrera, expres\u00f3 que mientras en otras provincias se est\u00e1n cerrando instalaciones de salud, la meta en la regi\u00f3n es abrir todos los subcentros cerrados. <\/p>\n<p>\u00a0 <\/p>\n","protected":false},"excerpt":{"rendered":"<p>Dos nuevos subcentros de salud ser\u00e1n reabiertos en zonas de <a href=\"https:\/\/sertv.gob.pa\/nacionalfm\/subcentros-de-salud-en-areas-rurales-seran-reabiertos\/\"> [&#8230;]<\/a><\/p>\n","protected":false},"author":1,"featured_media":3326,"comment_status":"closed","ping_status":"closed","sticky":false,"template":"","format":"standard","meta":{"footnotes":""},"categories":[5],"tags":[],"class_list":["post-3325","post","type-post","status-publish","format-standard","has-post-thumbnail","hentry","category-salud"],"_links":{"self":[{"href":"https:\/\/sertv.gob.pa\/nacionalfm\/wp-json\/wp\/v2\/posts\/3325","targetHints":{"allow":["GET"]}}],"collection":[{"href":"https:\/\/sertv.gob.pa\/nacionalfm\/wp-json\/wp\/v2\/posts"}],"about":[{"href":"https:\/\/sertv.gob.pa\/nacionalfm\/wp-json\/wp\/v2\/types\/post"}],"author":[{"embeddable":true,"href":"https:\/\/sertv.gob.pa\/nacionalfm\/wp-json\/wp\/v2\/users\/1"}],"replies":[{"embeddable":true,"href":"https:\/\/sertv.gob.pa\/nacionalfm\/wp-json\/wp\/v2\/comments?post=3325"}],"version-history":[{"count":0,"href":"https:\/\/sertv.gob.pa\/nacionalfm\/wp-json\/wp\/v2\/posts\/3325\/revisions"}],"wp:featuredmedia":[{"embeddable":true,"href":"https:\/\/sertv.gob.pa\/nacionalfm\/wp-json\/wp\/v2\/media\/3326"}],"wp:attachment":[{"href":"https:\/\/sertv.gob.pa\/nacionalfm\/wp-json\/wp\/v2\/media?parent=3325"}],"wp:term":[{"taxonomy":"category","embeddable":true,"href":"https:\/\/sertv.gob.pa\/nacionalfm\/wp-json\/wp\/v2\/categories?post=3325"},{"taxonomy":"post_tag","embeddable":true,"href":"https:\/\/sertv.gob.pa\/nacionalfm\/wp-json\/wp\/v2\/tags?post=3325"}],"curies":[{"name":"wp","href":"https:\/\/api.w.org\/{rel}","templated":true}]}}