{"id":335,"date":"2014-07-16T05:00:00","date_gmt":"2014-07-16T05:00:00","guid":{"rendered":""},"modified":"2014-07-16T05:00:00","modified_gmt":"2014-07-16T05:00:00","slug":"minsa-suspende-oficialmente-el-uso-de-atrazina","status":"publish","type":"post","link":"https:\/\/sertv.gob.pa\/nacionalfm\/minsa-suspende-oficialmente-el-uso-de-atrazina\/","title":{"rendered":"Minsa suspende oficialmente el uso de atrazina"},"content":{"rendered":"<p>\nEl Ministerio de Salud (Minsa) suspendi\u00f3 oficialmente \u00a0el uso del herbicida atrazina en la ribera y \u00e1reas circundantes del r\u00edo La Villa, en Azuero. <\/p>\n<p>Por medio de la Resoluci\u00f3n No. 677 publicada en Gaceta Oficial esa entidad proh\u00edbe &ldquo;temporalmente&rdquo; la utilizaci\u00f3n de atrazina en todas las actividades econ\u00f3micas y humanas que se realicen en ese r\u00edo &ldquo;dada la alta movilidad de su mol\u00e9cula a nivel ambiental&rdquo;. <\/p>\n<p>Seg\u00fan el documento, el Ministerio de Desarrollo Agropecuario cooperar\u00e1 en el cumplimiento de est\u00e1 normativa.\u00a0 @nacionalFm <\/p>\n<p>\u00a0 <\/p>\n","protected":false},"excerpt":{"rendered":"<p>El Ministerio de Salud (Minsa) suspendi\u00f3 oficialmente \u00a0el uso del <a href=\"https:\/\/sertv.gob.pa\/nacionalfm\/minsa-suspende-oficialmente-el-uso-de-atrazina\/\"> [&#8230;]<\/a><\/p>\n","protected":false},"author":1,"featured_media":336,"comment_status":"closed","ping_status":"closed","sticky":false,"template":"","format":"standard","meta":{"footnotes":""},"categories":[5],"tags":[],"class_list":["post-335","post","type-post","status-publish","format-standard","has-post-thumbnail","hentry","category-salud"],"_links":{"self":[{"href":"https:\/\/sertv.gob.pa\/nacionalfm\/wp-json\/wp\/v2\/posts\/335","targetHints":{"allow":["GET"]}}],"collection":[{"href":"https:\/\/sertv.gob.pa\/nacionalfm\/wp-json\/wp\/v2\/posts"}],"about":[{"href":"https:\/\/sertv.gob.pa\/nacionalfm\/wp-json\/wp\/v2\/types\/post"}],"author":[{"embeddable":true,"href":"https:\/\/sertv.gob.pa\/nacionalfm\/wp-json\/wp\/v2\/users\/1"}],"replies":[{"embeddable":true,"href":"https:\/\/sertv.gob.pa\/nacionalfm\/wp-json\/wp\/v2\/comments?post=335"}],"version-history":[{"count":0,"href":"https:\/\/sertv.gob.pa\/nacionalfm\/wp-json\/wp\/v2\/posts\/335\/revisions"}],"wp:featuredmedia":[{"embeddable":true,"href":"https:\/\/sertv.gob.pa\/nacionalfm\/wp-json\/wp\/v2\/media\/336"}],"wp:attachment":[{"href":"https:\/\/sertv.gob.pa\/nacionalfm\/wp-json\/wp\/v2\/media?parent=335"}],"wp:term":[{"taxonomy":"category","embeddable":true,"href":"https:\/\/sertv.gob.pa\/nacionalfm\/wp-json\/wp\/v2\/categories?post=335"},{"taxonomy":"post_tag","embeddable":true,"href":"https:\/\/sertv.gob.pa\/nacionalfm\/wp-json\/wp\/v2\/tags?post=335"}],"curies":[{"name":"wp","href":"https:\/\/api.w.org\/{rel}","templated":true}]}}