{"id":3373,"date":"2015-01-10T05:00:00","date_gmt":"2015-01-10T05:00:00","guid":{"rendered":""},"modified":"2015-01-10T05:00:00","modified_gmt":"2015-01-10T05:00:00","slug":"vacuna-contra-meningitis-a-para-bebes-en-africa-es-aprobada","status":"publish","type":"post","link":"https:\/\/sertv.gob.pa\/nacionalfm\/vacuna-contra-meningitis-a-para-bebes-en-africa-es-aprobada\/","title":{"rendered":"Vacuna contra meningitis A para beb\u00e9s en \u00c1frica es aprobada"},"content":{"rendered":"<p>\nLa Organizaci\u00f3n Mundial de la Salud\u00a0(OMS) dio luz verde a una vacuna contra la meningitis A, con un bajo precio, para beb\u00e9s de menos de un a\u00f1o en \u00c1frica subsahariana. \u00a0 <\/p>\n<p>El MenAfriVac ya hab\u00eda sido autorizado para los ni\u00f1os y j\u00f3venes de uno a 29 a\u00f1os. En los cuatro a\u00f1os siguientes a la introducci\u00f3n de la vacuna en \u00c1frica, se ha producido un efecto inmediato y espectacular que ha logrado frenar el ciclo de epidemias de la meningitis A. \u00a0 <\/p>\n<p>A la vista de los resultados, la OMS ha autorizado su aplicaci\u00f3n a millones de beb\u00e9s, que quedar\u00e1n protegidos de esta enfermedad mortal.\u00a0 <\/p>\n<p>\u00a0 <\/p>\n","protected":false},"excerpt":{"rendered":"<p>La Organizaci\u00f3n Mundial de la Salud\u00a0(OMS) dio luz verde a <a href=\"https:\/\/sertv.gob.pa\/nacionalfm\/vacuna-contra-meningitis-a-para-bebes-en-africa-es-aprobada\/\"> [&#8230;]<\/a><\/p>\n","protected":false},"author":1,"featured_media":3374,"comment_status":"closed","ping_status":"closed","sticky":false,"template":"","format":"standard","meta":{"footnotes":""},"categories":[5],"tags":[],"class_list":["post-3373","post","type-post","status-publish","format-standard","has-post-thumbnail","hentry","category-salud"],"_links":{"self":[{"href":"https:\/\/sertv.gob.pa\/nacionalfm\/wp-json\/wp\/v2\/posts\/3373","targetHints":{"allow":["GET"]}}],"collection":[{"href":"https:\/\/sertv.gob.pa\/nacionalfm\/wp-json\/wp\/v2\/posts"}],"about":[{"href":"https:\/\/sertv.gob.pa\/nacionalfm\/wp-json\/wp\/v2\/types\/post"}],"author":[{"embeddable":true,"href":"https:\/\/sertv.gob.pa\/nacionalfm\/wp-json\/wp\/v2\/users\/1"}],"replies":[{"embeddable":true,"href":"https:\/\/sertv.gob.pa\/nacionalfm\/wp-json\/wp\/v2\/comments?post=3373"}],"version-history":[{"count":0,"href":"https:\/\/sertv.gob.pa\/nacionalfm\/wp-json\/wp\/v2\/posts\/3373\/revisions"}],"wp:featuredmedia":[{"embeddable":true,"href":"https:\/\/sertv.gob.pa\/nacionalfm\/wp-json\/wp\/v2\/media\/3374"}],"wp:attachment":[{"href":"https:\/\/sertv.gob.pa\/nacionalfm\/wp-json\/wp\/v2\/media?parent=3373"}],"wp:term":[{"taxonomy":"category","embeddable":true,"href":"https:\/\/sertv.gob.pa\/nacionalfm\/wp-json\/wp\/v2\/categories?post=3373"},{"taxonomy":"post_tag","embeddable":true,"href":"https:\/\/sertv.gob.pa\/nacionalfm\/wp-json\/wp\/v2\/tags?post=3373"}],"curies":[{"name":"wp","href":"https:\/\/api.w.org\/{rel}","templated":true}]}}