{"id":3401,"date":"2015-01-13T05:00:00","date_gmt":"2015-01-13T05:00:00","guid":{"rendered":""},"modified":"2015-01-13T05:00:00","modified_gmt":"2015-01-13T05:00:00","slug":"llamado-de-atencion-a-pueblos-de-la-region-de-azuero","status":"publish","type":"post","link":"https:\/\/sertv.gob.pa\/nacionalfm\/llamado-de-atencion-a-pueblos-de-la-region-de-azuero\/","title":{"rendered":"Llamado de atenci\u00f3n a pueblos de la regi\u00f3n de Azuero"},"content":{"rendered":"<p>\nEl ministro de salud, Francisco Javier Terrientes, hizo un llamado de atenci\u00f3n a la ciudadan\u00eda, especialmente a los residentes de la regi\u00f3n de Azuero. <\/p>\n<p>Terrientes explic\u00f3 que en Carnavales, sobre todo, hacia esta Pen\u00ednsula, el Ministerio de Salud (Minsa) emiti\u00f3 una serie de recomendaciones a las personas que viajan hacia estas \u00e1reas y alquilan casas, para que verifiquen que las viviendas est\u00e9n en buenas condiciones, limpias y libre de roedores. <\/p>\n<p>Igualmente dio a conocer que estar\u00e1n en las calles, pendientes a la venta de alimentos y de los carn\u00e9s respectivos. <\/p>\n<p>&lsquo;Le pido a la ciudadan\u00eda que vayan y disfruten el verano, que en Carnavales se diviertan de forma sana, \u00a0pues el ministerio estar\u00e1 en el \u00e1rea para apoyarlos&rsquo;. <\/p>\n","protected":false},"excerpt":{"rendered":"<p>El ministro de salud, Francisco Javier Terrientes, hizo un llamado <a href=\"https:\/\/sertv.gob.pa\/nacionalfm\/llamado-de-atencion-a-pueblos-de-la-region-de-azuero\/\"> [&#8230;]<\/a><\/p>\n","protected":false},"author":1,"featured_media":3402,"comment_status":"closed","ping_status":"closed","sticky":false,"template":"","format":"standard","meta":{"footnotes":""},"categories":[5],"tags":[],"class_list":["post-3401","post","type-post","status-publish","format-standard","has-post-thumbnail","hentry","category-salud"],"_links":{"self":[{"href":"https:\/\/sertv.gob.pa\/nacionalfm\/wp-json\/wp\/v2\/posts\/3401","targetHints":{"allow":["GET"]}}],"collection":[{"href":"https:\/\/sertv.gob.pa\/nacionalfm\/wp-json\/wp\/v2\/posts"}],"about":[{"href":"https:\/\/sertv.gob.pa\/nacionalfm\/wp-json\/wp\/v2\/types\/post"}],"author":[{"embeddable":true,"href":"https:\/\/sertv.gob.pa\/nacionalfm\/wp-json\/wp\/v2\/users\/1"}],"replies":[{"embeddable":true,"href":"https:\/\/sertv.gob.pa\/nacionalfm\/wp-json\/wp\/v2\/comments?post=3401"}],"version-history":[{"count":0,"href":"https:\/\/sertv.gob.pa\/nacionalfm\/wp-json\/wp\/v2\/posts\/3401\/revisions"}],"wp:featuredmedia":[{"embeddable":true,"href":"https:\/\/sertv.gob.pa\/nacionalfm\/wp-json\/wp\/v2\/media\/3402"}],"wp:attachment":[{"href":"https:\/\/sertv.gob.pa\/nacionalfm\/wp-json\/wp\/v2\/media?parent=3401"}],"wp:term":[{"taxonomy":"category","embeddable":true,"href":"https:\/\/sertv.gob.pa\/nacionalfm\/wp-json\/wp\/v2\/categories?post=3401"},{"taxonomy":"post_tag","embeddable":true,"href":"https:\/\/sertv.gob.pa\/nacionalfm\/wp-json\/wp\/v2\/tags?post=3401"}],"curies":[{"name":"wp","href":"https:\/\/api.w.org\/{rel}","templated":true}]}}