{"id":3421,"date":"2015-01-14T05:00:00","date_gmt":"2015-01-14T05:00:00","guid":{"rendered":""},"modified":"2015-01-14T05:00:00","modified_gmt":"2015-01-14T05:00:00","slug":"jornada-de-salud-en-la-comunidad-embera-buru-este-domingo","status":"publish","type":"post","link":"https:\/\/sertv.gob.pa\/nacionalfm\/jornada-de-salud-en-la-comunidad-embera-buru-este-domingo\/","title":{"rendered":"Jornada  de salud en la comunidad Ember\u00e1 Bur\u00fa este domingo"},"content":{"rendered":"<p>\nA partir de las 7:00 de la ma\u00f1ana hasta las 12:00 mediod\u00eda de este domingo 18 de enero, personal de salud de la Regi\u00f3n de San Miguelito estar\u00e1 ofreciendo, gratuitamente, los servicios de salud a los moradores de la comunidad Ember\u00e1 Bur\u00fa, en el Corregimiento Arnulfo Arias. <\/p>\n<p>La jornada de salud se desarrollar\u00e1 en el Centro de Salud del Valle de Urrac\u00e1 y los pacientes ser\u00e1n atendidos en medicina general, odontolog\u00eda, enfermer\u00eda, toma de presi\u00f3n arterial, vacunaci\u00f3n y ex\u00e1menes de\u00a0 papanicolau,\u00a0 glucemia (ir en ayuno) y hemoglobina. <\/p>\n<p>Igualmente, se entregaran medicamentos y se evaluar\u00e1\u00a0 la condici\u00f3n nutricional de la poblaci\u00f3n infantil y de la tercera edad. <\/p>\n<p>El director de esta regional de salud, Juan Beibarach, se\u00f1al\u00f3 que esta es la primera de una serie de jornadas de salud que se estar\u00e1n realizando durante todo el a\u00f1o en el distrito de San Miguelito, con el objetivo de atender a la mayor cantidad de personas y llevar un control de su condici\u00f3n de salud. <\/p>\n<p>Indic\u00f3 que en estas jornadas igualmente se har\u00e1n tomas de muestra de agua e inspecci\u00f3n de las viviendas por parte del equipo de control de vectores. <\/p>\n<p>La pr\u00f3xima jornada de salud \u00a0se llevar\u00e1 a cabo el\u00a0 25 de enero, en Cerro Batea. <\/p>\n","protected":false},"excerpt":{"rendered":"<p>A partir de las 7:00 de la ma\u00f1ana hasta las <a href=\"https:\/\/sertv.gob.pa\/nacionalfm\/jornada-de-salud-en-la-comunidad-embera-buru-este-domingo\/\"> [&#8230;]<\/a><\/p>\n","protected":false},"author":1,"featured_media":3422,"comment_status":"closed","ping_status":"closed","sticky":false,"template":"","format":"standard","meta":{"footnotes":""},"categories":[5],"tags":[],"class_list":["post-3421","post","type-post","status-publish","format-standard","has-post-thumbnail","hentry","category-salud"],"_links":{"self":[{"href":"https:\/\/sertv.gob.pa\/nacionalfm\/wp-json\/wp\/v2\/posts\/3421","targetHints":{"allow":["GET"]}}],"collection":[{"href":"https:\/\/sertv.gob.pa\/nacionalfm\/wp-json\/wp\/v2\/posts"}],"about":[{"href":"https:\/\/sertv.gob.pa\/nacionalfm\/wp-json\/wp\/v2\/types\/post"}],"author":[{"embeddable":true,"href":"https:\/\/sertv.gob.pa\/nacionalfm\/wp-json\/wp\/v2\/users\/1"}],"replies":[{"embeddable":true,"href":"https:\/\/sertv.gob.pa\/nacionalfm\/wp-json\/wp\/v2\/comments?post=3421"}],"version-history":[{"count":0,"href":"https:\/\/sertv.gob.pa\/nacionalfm\/wp-json\/wp\/v2\/posts\/3421\/revisions"}],"wp:featuredmedia":[{"embeddable":true,"href":"https:\/\/sertv.gob.pa\/nacionalfm\/wp-json\/wp\/v2\/media\/3422"}],"wp:attachment":[{"href":"https:\/\/sertv.gob.pa\/nacionalfm\/wp-json\/wp\/v2\/media?parent=3421"}],"wp:term":[{"taxonomy":"category","embeddable":true,"href":"https:\/\/sertv.gob.pa\/nacionalfm\/wp-json\/wp\/v2\/categories?post=3421"},{"taxonomy":"post_tag","embeddable":true,"href":"https:\/\/sertv.gob.pa\/nacionalfm\/wp-json\/wp\/v2\/tags?post=3421"}],"curies":[{"name":"wp","href":"https:\/\/api.w.org\/{rel}","templated":true}]}}