{"id":3449,"date":"2015-01-15T05:00:00","date_gmt":"2015-01-15T05:00:00","guid":{"rendered":""},"modified":"2015-01-15T05:00:00","modified_gmt":"2015-01-15T05:00:00","slug":"terapia-contra-la-demencia-es-descubierta","status":"publish","type":"post","link":"https:\/\/sertv.gob.pa\/nacionalfm\/terapia-contra-la-demencia-es-descubierta\/","title":{"rendered":"Terapia contra la demencia es descubierta"},"content":{"rendered":"<p>\nInvestigadores en Stem Cell Reports informaron que bi\u00f3logos moleculares de la Universidad Cat\u00f3lica de Lovaina, en Flandes, han hallado un nuevo m\u00e9todo con c\u00e9lulas madre que podr\u00eda facilitar el desarrollo de un tratamiento contra la demencia frontotemporal. <\/p>\n<p>Los bi\u00f3logos han conseguido imitar en el laboratorio el proceso de aparici\u00f3n de un defecto gen\u00e9tico que acaba dando forma a un grupo de demencias frontotemporales y han conseguido corregirlo. <\/p>\n<p>Ese tipo de demencia es responsable del 50% de los casos diagnosticados de esta enfermedad antes de los 60 a\u00f1os y hasta el 40% de los pacientes tienen un historial familiar. <\/p>\n<p>La demencia frontotemporal es el nombre de un grupo de demencias progresivas que afectan principalmente la personalidad, el comportamiento y el habla de un individuo. <\/p>\n<p>\u00a0 <\/p>\n","protected":false},"excerpt":{"rendered":"<p>Investigadores en Stem Cell Reports informaron que bi\u00f3logos moleculares de <a href=\"https:\/\/sertv.gob.pa\/nacionalfm\/terapia-contra-la-demencia-es-descubierta\/\"> [&#8230;]<\/a><\/p>\n","protected":false},"author":1,"featured_media":3450,"comment_status":"closed","ping_status":"closed","sticky":false,"template":"","format":"standard","meta":{"footnotes":""},"categories":[5],"tags":[],"class_list":["post-3449","post","type-post","status-publish","format-standard","has-post-thumbnail","hentry","category-salud"],"_links":{"self":[{"href":"https:\/\/sertv.gob.pa\/nacionalfm\/wp-json\/wp\/v2\/posts\/3449","targetHints":{"allow":["GET"]}}],"collection":[{"href":"https:\/\/sertv.gob.pa\/nacionalfm\/wp-json\/wp\/v2\/posts"}],"about":[{"href":"https:\/\/sertv.gob.pa\/nacionalfm\/wp-json\/wp\/v2\/types\/post"}],"author":[{"embeddable":true,"href":"https:\/\/sertv.gob.pa\/nacionalfm\/wp-json\/wp\/v2\/users\/1"}],"replies":[{"embeddable":true,"href":"https:\/\/sertv.gob.pa\/nacionalfm\/wp-json\/wp\/v2\/comments?post=3449"}],"version-history":[{"count":0,"href":"https:\/\/sertv.gob.pa\/nacionalfm\/wp-json\/wp\/v2\/posts\/3449\/revisions"}],"wp:featuredmedia":[{"embeddable":true,"href":"https:\/\/sertv.gob.pa\/nacionalfm\/wp-json\/wp\/v2\/media\/3450"}],"wp:attachment":[{"href":"https:\/\/sertv.gob.pa\/nacionalfm\/wp-json\/wp\/v2\/media?parent=3449"}],"wp:term":[{"taxonomy":"category","embeddable":true,"href":"https:\/\/sertv.gob.pa\/nacionalfm\/wp-json\/wp\/v2\/categories?post=3449"},{"taxonomy":"post_tag","embeddable":true,"href":"https:\/\/sertv.gob.pa\/nacionalfm\/wp-json\/wp\/v2\/tags?post=3449"}],"curies":[{"name":"wp","href":"https:\/\/api.w.org\/{rel}","templated":true}]}}