{"id":3451,"date":"2015-01-15T05:00:00","date_gmt":"2015-01-15T05:00:00","guid":{"rendered":""},"modified":"2015-01-15T05:00:00","modified_gmt":"2015-01-15T05:00:00","slug":"riesgo-de-diabetes-es-duplicado-por-estres-postraumatico","status":"publish","type":"post","link":"https:\/\/sertv.gob.pa\/nacionalfm\/riesgo-de-diabetes-es-duplicado-por-estres-postraumatico\/","title":{"rendered":"Riesgo de diabetes es duplicado por estr\u00e9s postraum\u00e1tico"},"content":{"rendered":"<p>\nMujeres que padecen de estr\u00e9s postraum\u00e1tico tienen, al menos, el doble de probabilidades de desarrollar diabetes tipo 2, en comparaci\u00f3n con mujeres que no han sido afectadas por este desorden asimismo conocido como TEPT, revel\u00f3 un estudio estadounidense. <\/p>\n<p>El reporte estuvo basado en encuestas hechas en un promedio de 50,000 mujeres estadounidenses, entre 1989 y 2011. <\/p>\n<p>Investigadores descubrieron que casi la mitad del aumento del riesgo de diabetes es atribuible al uso de antidepresivos (34%) y al sobrepeso (14%), medido seg\u00fan el \u00edndice de masa corporal. <\/p>\n<p>La otra mitad del aumento de la variable de riesgo no pudo ser explicada. Los investigadores descartaron posibles v\u00ednculos con tabaquismo, dieta, consumo de alcohol o ejercicio. <\/p>\n<p>El estudio tambi\u00e9n determin\u00f3 que mientras m\u00e1s s\u00edntomas de TEPT (Trastorno del Estr\u00e9s Post Traum\u00e1tico) tiene una mujer, mayor es su riesgo de desarrollar diabetes tipo 2. <\/p>\n<p>\u00a0 <\/p>\n","protected":false},"excerpt":{"rendered":"<p>Mujeres que padecen de estr\u00e9s postraum\u00e1tico tienen, al menos, el <a href=\"https:\/\/sertv.gob.pa\/nacionalfm\/riesgo-de-diabetes-es-duplicado-por-estres-postraumatico\/\"> [&#8230;]<\/a><\/p>\n","protected":false},"author":1,"featured_media":3452,"comment_status":"closed","ping_status":"closed","sticky":false,"template":"","format":"standard","meta":{"footnotes":""},"categories":[5],"tags":[],"class_list":["post-3451","post","type-post","status-publish","format-standard","has-post-thumbnail","hentry","category-salud"],"_links":{"self":[{"href":"https:\/\/sertv.gob.pa\/nacionalfm\/wp-json\/wp\/v2\/posts\/3451","targetHints":{"allow":["GET"]}}],"collection":[{"href":"https:\/\/sertv.gob.pa\/nacionalfm\/wp-json\/wp\/v2\/posts"}],"about":[{"href":"https:\/\/sertv.gob.pa\/nacionalfm\/wp-json\/wp\/v2\/types\/post"}],"author":[{"embeddable":true,"href":"https:\/\/sertv.gob.pa\/nacionalfm\/wp-json\/wp\/v2\/users\/1"}],"replies":[{"embeddable":true,"href":"https:\/\/sertv.gob.pa\/nacionalfm\/wp-json\/wp\/v2\/comments?post=3451"}],"version-history":[{"count":0,"href":"https:\/\/sertv.gob.pa\/nacionalfm\/wp-json\/wp\/v2\/posts\/3451\/revisions"}],"wp:featuredmedia":[{"embeddable":true,"href":"https:\/\/sertv.gob.pa\/nacionalfm\/wp-json\/wp\/v2\/media\/3452"}],"wp:attachment":[{"href":"https:\/\/sertv.gob.pa\/nacionalfm\/wp-json\/wp\/v2\/media?parent=3451"}],"wp:term":[{"taxonomy":"category","embeddable":true,"href":"https:\/\/sertv.gob.pa\/nacionalfm\/wp-json\/wp\/v2\/categories?post=3451"},{"taxonomy":"post_tag","embeddable":true,"href":"https:\/\/sertv.gob.pa\/nacionalfm\/wp-json\/wp\/v2\/tags?post=3451"}],"curies":[{"name":"wp","href":"https:\/\/api.w.org\/{rel}","templated":true}]}}