{"id":3455,"date":"2015-01-15T05:00:00","date_gmt":"2015-01-15T05:00:00","guid":{"rendered":""},"modified":"2015-01-15T05:00:00","modified_gmt":"2015-01-15T05:00:00","slug":"cirugias-en-el-hospital-susana-jones-cano-son-suspendidas","status":"publish","type":"post","link":"https:\/\/sertv.gob.pa\/nacionalfm\/cirugias-en-el-hospital-susana-jones-cano-son-suspendidas\/","title":{"rendered":"Cirug\u00edas en el hospital Susana Jones Cano son suspendidas"},"content":{"rendered":"<p>\nEl subdirector m\u00e9dico, Arnulfo Rodr\u00edguez, en el hospital Susana Jones Cano de la Caja de Seguro Social, en Villa Lucre, dio a conocer que \u00a0las cirug\u00edas de ves\u00edcula e histerectom\u00eda programadas para este mes est\u00e1n suspendidas debido a trabajos de mantenimiento en los quir\u00f3fanos. <\/p>\n<p>Agreg\u00f3 que en conjunto con el departamento de cirug\u00eda general, ginecolog\u00eda y sal\u00f3n de operaciones planifican estrategias con el fin de organizar las agendas quir\u00fargicas de las especialidades mencionadas. <\/p>\n<p>\u00a0 <\/p>\n","protected":false},"excerpt":{"rendered":"<p>El subdirector m\u00e9dico, Arnulfo Rodr\u00edguez, en el hospital Susana Jones <a href=\"https:\/\/sertv.gob.pa\/nacionalfm\/cirugias-en-el-hospital-susana-jones-cano-son-suspendidas\/\"> [&#8230;]<\/a><\/p>\n","protected":false},"author":1,"featured_media":3456,"comment_status":"closed","ping_status":"closed","sticky":false,"template":"","format":"standard","meta":{"footnotes":""},"categories":[5],"tags":[],"class_list":["post-3455","post","type-post","status-publish","format-standard","has-post-thumbnail","hentry","category-salud"],"_links":{"self":[{"href":"https:\/\/sertv.gob.pa\/nacionalfm\/wp-json\/wp\/v2\/posts\/3455","targetHints":{"allow":["GET"]}}],"collection":[{"href":"https:\/\/sertv.gob.pa\/nacionalfm\/wp-json\/wp\/v2\/posts"}],"about":[{"href":"https:\/\/sertv.gob.pa\/nacionalfm\/wp-json\/wp\/v2\/types\/post"}],"author":[{"embeddable":true,"href":"https:\/\/sertv.gob.pa\/nacionalfm\/wp-json\/wp\/v2\/users\/1"}],"replies":[{"embeddable":true,"href":"https:\/\/sertv.gob.pa\/nacionalfm\/wp-json\/wp\/v2\/comments?post=3455"}],"version-history":[{"count":0,"href":"https:\/\/sertv.gob.pa\/nacionalfm\/wp-json\/wp\/v2\/posts\/3455\/revisions"}],"wp:featuredmedia":[{"embeddable":true,"href":"https:\/\/sertv.gob.pa\/nacionalfm\/wp-json\/wp\/v2\/media\/3456"}],"wp:attachment":[{"href":"https:\/\/sertv.gob.pa\/nacionalfm\/wp-json\/wp\/v2\/media?parent=3455"}],"wp:term":[{"taxonomy":"category","embeddable":true,"href":"https:\/\/sertv.gob.pa\/nacionalfm\/wp-json\/wp\/v2\/categories?post=3455"},{"taxonomy":"post_tag","embeddable":true,"href":"https:\/\/sertv.gob.pa\/nacionalfm\/wp-json\/wp\/v2\/tags?post=3455"}],"curies":[{"name":"wp","href":"https:\/\/api.w.org\/{rel}","templated":true}]}}