{"id":3473,"date":"2015-01-16T05:00:00","date_gmt":"2015-01-16T05:00:00","guid":{"rendered":""},"modified":"2015-01-16T05:00:00","modified_gmt":"2015-01-16T05:00:00","slug":"minsa-lanza-programa-de-510-becas-para-profesionales-de-salud","status":"publish","type":"post","link":"https:\/\/sertv.gob.pa\/nacionalfm\/minsa-lanza-programa-de-510-becas-para-profesionales-de-salud\/","title":{"rendered":"Minsa lanza programa de 510 becas para profesionales de salud"},"content":{"rendered":"<p>\nUn programa para formar 510 profesionales de la salud, con el apoyo de becas, es lanzado por el Ministerio de Salud (Minsa). <\/p>\n<p>Francisco Javier Terrientes, ministro de Salud, dijo que las becas son para aspirantes a t\u00e9cnicos de enfermer\u00eda, licenciados en salud, maestr\u00edas en salud p\u00fablica, medicina nuclear y especialidades y subespecialidades m\u00e9dicas. <\/p>\n<p>A\u00f1adi\u00f3 que para seleccionar a los estudiantes se utilizar\u00e1 el sistema de meritocracia, es decir, los mejores podr\u00e1n optar por el beneficio. \u00a0 <\/p>\n<p>\u00a0 <\/p>\n","protected":false},"excerpt":{"rendered":"<p>Un programa para formar 510 profesionales de la salud, con <a href=\"https:\/\/sertv.gob.pa\/nacionalfm\/minsa-lanza-programa-de-510-becas-para-profesionales-de-salud\/\"> [&#8230;]<\/a><\/p>\n","protected":false},"author":1,"featured_media":3474,"comment_status":"closed","ping_status":"closed","sticky":false,"template":"","format":"standard","meta":{"footnotes":""},"categories":[5],"tags":[],"class_list":["post-3473","post","type-post","status-publish","format-standard","has-post-thumbnail","hentry","category-salud"],"_links":{"self":[{"href":"https:\/\/sertv.gob.pa\/nacionalfm\/wp-json\/wp\/v2\/posts\/3473","targetHints":{"allow":["GET"]}}],"collection":[{"href":"https:\/\/sertv.gob.pa\/nacionalfm\/wp-json\/wp\/v2\/posts"}],"about":[{"href":"https:\/\/sertv.gob.pa\/nacionalfm\/wp-json\/wp\/v2\/types\/post"}],"author":[{"embeddable":true,"href":"https:\/\/sertv.gob.pa\/nacionalfm\/wp-json\/wp\/v2\/users\/1"}],"replies":[{"embeddable":true,"href":"https:\/\/sertv.gob.pa\/nacionalfm\/wp-json\/wp\/v2\/comments?post=3473"}],"version-history":[{"count":0,"href":"https:\/\/sertv.gob.pa\/nacionalfm\/wp-json\/wp\/v2\/posts\/3473\/revisions"}],"wp:featuredmedia":[{"embeddable":true,"href":"https:\/\/sertv.gob.pa\/nacionalfm\/wp-json\/wp\/v2\/media\/3474"}],"wp:attachment":[{"href":"https:\/\/sertv.gob.pa\/nacionalfm\/wp-json\/wp\/v2\/media?parent=3473"}],"wp:term":[{"taxonomy":"category","embeddable":true,"href":"https:\/\/sertv.gob.pa\/nacionalfm\/wp-json\/wp\/v2\/categories?post=3473"},{"taxonomy":"post_tag","embeddable":true,"href":"https:\/\/sertv.gob.pa\/nacionalfm\/wp-json\/wp\/v2\/tags?post=3473"}],"curies":[{"name":"wp","href":"https:\/\/api.w.org\/{rel}","templated":true}]}}