{"id":34740,"date":"2019-01-22T19:47:26","date_gmt":"2019-01-22T19:47:26","guid":{"rendered":"https:\/\/sertv.gob.pa\/nacionalfm\/?p=34740"},"modified":"2019-01-22T19:47:26","modified_gmt":"2019-01-22T19:47:26","slug":"comunicado-de-la-css-sobre-horario-especial-por-la-jmj","status":"publish","type":"post","link":"https:\/\/sertv.gob.pa\/nacionalfm\/comunicado-de-la-css-sobre-horario-especial-por-la-jmj\/","title":{"rendered":"Comunicado de la CSS sobre \u201cHorario Especial por la JMJ\u201d"},"content":{"rendered":"<p>La Caja de Seguro Social (CSS), informa que todas las instalaciones de salud, ubicadas en los distritos de Panam\u00e1 y San Miguelito, con sus componentes profesionales, t\u00e9cnicos y administrativos, se mantendr\u00e1n laborando durante la semana de la Jornada Mundial de la Juventud (JMJ), en su horario regular.<\/p>\n<p>De acuerdo al Decreto Ejecutivo # 30 del 8 de enero de 2019, en su Art\u00edculo 1, se ordena \u00abel cierre a partir de las 12:00 mediod\u00eda desde el mi\u00e9rcoles 23 al viernes 26 de enero de 2019, de las oficinas p\u00fablicas nacionales y municipales ubicadas en los distritos de Panam\u00e1 y San Miguelito por motivo de la celebraci\u00f3n de la Jornada Mundial de la Juventud.<\/p>\n<p>No obstante, en su Art\u00edculo 2 este Decreto, se except\u00faa de lo dispuesto en el Art 1, el sector salud, para los cuales ser\u00e1 un d\u00eda ordinario, por lo que las instalaciones se mantendr\u00e1n abiertas en su horario regular de trabajo y en algunos casos, con horarios extendidos los servicios de urgencias.<\/p>\n<p>En tanto, las oficinas administrativas de la instituci\u00f3n en los distritos de Panam\u00e1 y San Miguelito, laborar\u00e1n cuatro (4) horas el d\u00eda mi\u00e9rcoles 23, y permanecer\u00e1n cerradas los d\u00edas jueves 24 y viernes 25 de enero de 2019, incluyendo las Agencias Administrativas de San Francisco y V\u00eda Espa\u00f1a.<\/p>\n<p>Adem\u00e1s, se se\u00f1ala que \u00abel resto de las agencias administrativas, laborar\u00e1n en horario de 8:00 a.m. a 12:00 m.d., los d\u00edas mi\u00e9rcoles 23, jueves 24 y viernes 25 de enero de 2019 y en el resto del pa\u00eds el horario es regular.<\/p>\n<p>&nbsp;<\/p>\n","protected":false},"excerpt":{"rendered":"<p>La Caja de Seguro Social (CSS), informa que todas las <a href=\"https:\/\/sertv.gob.pa\/nacionalfm\/comunicado-de-la-css-sobre-horario-especial-por-la-jmj\/\"> [&#8230;]<\/a><\/p>\n","protected":false},"author":9,"featured_media":34667,"comment_status":"closed","ping_status":"closed","sticky":false,"template":"","format":"standard","meta":{"footnotes":""},"categories":[2],"tags":[],"class_list":["post-34740","post","type-post","status-publish","format-standard","has-post-thumbnail","hentry","category-nacionales"],"_links":{"self":[{"href":"https:\/\/sertv.gob.pa\/nacionalfm\/wp-json\/wp\/v2\/posts\/34740","targetHints":{"allow":["GET"]}}],"collection":[{"href":"https:\/\/sertv.gob.pa\/nacionalfm\/wp-json\/wp\/v2\/posts"}],"about":[{"href":"https:\/\/sertv.gob.pa\/nacionalfm\/wp-json\/wp\/v2\/types\/post"}],"author":[{"embeddable":true,"href":"https:\/\/sertv.gob.pa\/nacionalfm\/wp-json\/wp\/v2\/users\/9"}],"replies":[{"embeddable":true,"href":"https:\/\/sertv.gob.pa\/nacionalfm\/wp-json\/wp\/v2\/comments?post=34740"}],"version-history":[{"count":1,"href":"https:\/\/sertv.gob.pa\/nacionalfm\/wp-json\/wp\/v2\/posts\/34740\/revisions"}],"predecessor-version":[{"id":34742,"href":"https:\/\/sertv.gob.pa\/nacionalfm\/wp-json\/wp\/v2\/posts\/34740\/revisions\/34742"}],"wp:featuredmedia":[{"embeddable":true,"href":"https:\/\/sertv.gob.pa\/nacionalfm\/wp-json\/wp\/v2\/media\/34667"}],"wp:attachment":[{"href":"https:\/\/sertv.gob.pa\/nacionalfm\/wp-json\/wp\/v2\/media?parent=34740"}],"wp:term":[{"taxonomy":"category","embeddable":true,"href":"https:\/\/sertv.gob.pa\/nacionalfm\/wp-json\/wp\/v2\/categories?post=34740"},{"taxonomy":"post_tag","embeddable":true,"href":"https:\/\/sertv.gob.pa\/nacionalfm\/wp-json\/wp\/v2\/tags?post=34740"}],"curies":[{"name":"wp","href":"https:\/\/api.w.org\/{rel}","templated":true}]}}