{"id":3477,"date":"2015-01-16T05:00:00","date_gmt":"2015-01-16T05:00:00","guid":{"rendered":""},"modified":"2015-01-16T05:00:00","modified_gmt":"2015-01-16T05:00:00","slug":"descenso-real-respecto-al-ebola-segun-oms","status":"publish","type":"post","link":"https:\/\/sertv.gob.pa\/nacionalfm\/descenso-real-respecto-al-ebola-segun-oms\/","title":{"rendered":"Descenso real respecto al \u00c9bola, seg\u00fan OMS"},"content":{"rendered":"<p>\nLa Organizaci\u00f3n Mundial de la Salud (OMS) declar\u00f3 que el n\u00famero de nuevos casos de \u00e9bola en los tres pa\u00edses de \u00c1frica occidental m\u00e1s afectados est\u00e1 experimentado un &lsquo;descenso real&rsquo; y constituye un &lsquo;primer signo optimista&rsquo;. <\/p>\n<p>&lsquo;Ese descenso es real, pero no significa que el combate haya terminado&rsquo;, declar\u00f3 a la AFP Tarik Jasarevic, portavoz de la agencia de la ONU en Ginebra. &lsquo;Se trata del primer signo optimista y el resultado del trabajo que fue efectuado en los \u00faltimos meses&rsquo;, agreg\u00f3. <\/p>\n<p>Cerca 8,459 personas fallecieron por la epidemia de \u00e9bola en el mundo, de 21,329 casos registrados, seg\u00fan el \u00faltimo balance de la OMS publicado. <\/p>\n<p>\u00a0 <\/p>\n","protected":false},"excerpt":{"rendered":"<p>La Organizaci\u00f3n Mundial de la Salud (OMS) declar\u00f3 que el <a href=\"https:\/\/sertv.gob.pa\/nacionalfm\/descenso-real-respecto-al-ebola-segun-oms\/\"> [&#8230;]<\/a><\/p>\n","protected":false},"author":1,"featured_media":3478,"comment_status":"closed","ping_status":"closed","sticky":false,"template":"","format":"standard","meta":{"footnotes":""},"categories":[5],"tags":[],"class_list":["post-3477","post","type-post","status-publish","format-standard","has-post-thumbnail","hentry","category-salud"],"_links":{"self":[{"href":"https:\/\/sertv.gob.pa\/nacionalfm\/wp-json\/wp\/v2\/posts\/3477","targetHints":{"allow":["GET"]}}],"collection":[{"href":"https:\/\/sertv.gob.pa\/nacionalfm\/wp-json\/wp\/v2\/posts"}],"about":[{"href":"https:\/\/sertv.gob.pa\/nacionalfm\/wp-json\/wp\/v2\/types\/post"}],"author":[{"embeddable":true,"href":"https:\/\/sertv.gob.pa\/nacionalfm\/wp-json\/wp\/v2\/users\/1"}],"replies":[{"embeddable":true,"href":"https:\/\/sertv.gob.pa\/nacionalfm\/wp-json\/wp\/v2\/comments?post=3477"}],"version-history":[{"count":0,"href":"https:\/\/sertv.gob.pa\/nacionalfm\/wp-json\/wp\/v2\/posts\/3477\/revisions"}],"wp:featuredmedia":[{"embeddable":true,"href":"https:\/\/sertv.gob.pa\/nacionalfm\/wp-json\/wp\/v2\/media\/3478"}],"wp:attachment":[{"href":"https:\/\/sertv.gob.pa\/nacionalfm\/wp-json\/wp\/v2\/media?parent=3477"}],"wp:term":[{"taxonomy":"category","embeddable":true,"href":"https:\/\/sertv.gob.pa\/nacionalfm\/wp-json\/wp\/v2\/categories?post=3477"},{"taxonomy":"post_tag","embeddable":true,"href":"https:\/\/sertv.gob.pa\/nacionalfm\/wp-json\/wp\/v2\/tags?post=3477"}],"curies":[{"name":"wp","href":"https:\/\/api.w.org\/{rel}","templated":true}]}}