{"id":3493,"date":"2015-01-17T05:00:00","date_gmt":"2015-01-17T05:00:00","guid":{"rendered":""},"modified":"2015-01-17T05:00:00","modified_gmt":"2015-01-17T05:00:00","slug":"verifican-precios-de-los-medicamentos-en-farmacias-del-interior","status":"publish","type":"post","link":"https:\/\/sertv.gob.pa\/nacionalfm\/verifican-precios-de-los-medicamentos-en-farmacias-del-interior\/","title":{"rendered":"Verifican precios de los medicamentos en farmacias del interior"},"content":{"rendered":"<p>\nA partir de esta semana, las farmacias del interior del pa\u00eds deber\u00e1n mantener a la vista el listado de los 40 f\u00e1rmacos gen\u00e9ricos que ofrece a los consumidores la Canasta B\u00e1sica de Medicamentos (Cabamed). <\/p>\n<p>Diosa Barahona, jefa del Departamento de Informaci\u00f3n de Precios y Verificaci\u00f3n de la Autoridad de Protecci\u00f3n al Consumidor y Defensa de la Competencia (Acodeco), expres\u00f3 que en los \u00faltimos dos meses las agencias regionales est\u00e1n verificando los precios de los medicamentos en algunas farmacias privadas de cada provincia y pr\u00f3ximamente se divulgar\u00e1n los resultados. <\/p>\n<p>A\u00f1adi\u00f3, que el principal prop\u00f3sito es capacitar a los agentes econ\u00f3micos y luego divulgar a los consumidores cu\u00e1les son los precios y d\u00f3nde pueden compararlos. <\/p>\n<p>\u00a0Entre los medicamentos de la lista se incluyen los de la hipertensi\u00f3n, asma, antibi\u00f3ticos, entre otros. <\/p>\n","protected":false},"excerpt":{"rendered":"<p>A partir de esta semana, las farmacias del interior del <a href=\"https:\/\/sertv.gob.pa\/nacionalfm\/verifican-precios-de-los-medicamentos-en-farmacias-del-interior\/\"> [&#8230;]<\/a><\/p>\n","protected":false},"author":1,"featured_media":3494,"comment_status":"closed","ping_status":"closed","sticky":false,"template":"","format":"standard","meta":{"footnotes":""},"categories":[5],"tags":[],"class_list":["post-3493","post","type-post","status-publish","format-standard","has-post-thumbnail","hentry","category-salud"],"_links":{"self":[{"href":"https:\/\/sertv.gob.pa\/nacionalfm\/wp-json\/wp\/v2\/posts\/3493","targetHints":{"allow":["GET"]}}],"collection":[{"href":"https:\/\/sertv.gob.pa\/nacionalfm\/wp-json\/wp\/v2\/posts"}],"about":[{"href":"https:\/\/sertv.gob.pa\/nacionalfm\/wp-json\/wp\/v2\/types\/post"}],"author":[{"embeddable":true,"href":"https:\/\/sertv.gob.pa\/nacionalfm\/wp-json\/wp\/v2\/users\/1"}],"replies":[{"embeddable":true,"href":"https:\/\/sertv.gob.pa\/nacionalfm\/wp-json\/wp\/v2\/comments?post=3493"}],"version-history":[{"count":0,"href":"https:\/\/sertv.gob.pa\/nacionalfm\/wp-json\/wp\/v2\/posts\/3493\/revisions"}],"wp:featuredmedia":[{"embeddable":true,"href":"https:\/\/sertv.gob.pa\/nacionalfm\/wp-json\/wp\/v2\/media\/3494"}],"wp:attachment":[{"href":"https:\/\/sertv.gob.pa\/nacionalfm\/wp-json\/wp\/v2\/media?parent=3493"}],"wp:term":[{"taxonomy":"category","embeddable":true,"href":"https:\/\/sertv.gob.pa\/nacionalfm\/wp-json\/wp\/v2\/categories?post=3493"},{"taxonomy":"post_tag","embeddable":true,"href":"https:\/\/sertv.gob.pa\/nacionalfm\/wp-json\/wp\/v2\/tags?post=3493"}],"curies":[{"name":"wp","href":"https:\/\/api.w.org\/{rel}","templated":true}]}}