{"id":3511,"date":"2015-01-18T05:00:00","date_gmt":"2015-01-18T05:00:00","guid":{"rendered":""},"modified":"2015-01-18T05:00:00","modified_gmt":"2015-01-18T05:00:00","slug":"daran-inicio-a-pruebas-de-vacunas-contra-ebola","status":"publish","type":"post","link":"https:\/\/sertv.gob.pa\/nacionalfm\/daran-inicio-a-pruebas-de-vacunas-contra-ebola\/","title":{"rendered":"Dar\u00e1n inicio a pruebas de vacunas contra \u00e9bola"},"content":{"rendered":"<p>\nLa doctora Marie Paule Kieny, directora general adjunta de la OMS, anunci\u00f3 que las pruebas cl\u00ednicas en humanos de las dos vacunas contra el \u00e9bola empezar\u00e1n a finales de enero en las zonas afectadas por el virus en el oeste de \u00c1frica. <\/p>\n<p>\u00a0&lsquo;Estas pruebas est\u00e1n a punto de empezar con las dos principales vacunas&rsquo;, expres\u00f3 Kieny en una rueda de prensa, en la cual a\u00f1adi\u00f3 que las vacunas ser\u00e1n probadas en miles de personas en Guinea, Liberia y Sierra Leona. <\/p>\n<p>Las pruebas de &lsquo;fase 3&rsquo; ser\u00e1n realizadas en personas sanas, para determinar cu\u00e1l es el grado de protecci\u00f3n frente al virus que ha ocasionado muchas muertes. <\/p>\n","protected":false},"excerpt":{"rendered":"<p>La doctora Marie Paule Kieny, directora general adjunta de la <a href=\"https:\/\/sertv.gob.pa\/nacionalfm\/daran-inicio-a-pruebas-de-vacunas-contra-ebola\/\"> [&#8230;]<\/a><\/p>\n","protected":false},"author":1,"featured_media":3512,"comment_status":"closed","ping_status":"closed","sticky":false,"template":"","format":"standard","meta":{"footnotes":""},"categories":[5],"tags":[],"class_list":["post-3511","post","type-post","status-publish","format-standard","has-post-thumbnail","hentry","category-salud"],"_links":{"self":[{"href":"https:\/\/sertv.gob.pa\/nacionalfm\/wp-json\/wp\/v2\/posts\/3511","targetHints":{"allow":["GET"]}}],"collection":[{"href":"https:\/\/sertv.gob.pa\/nacionalfm\/wp-json\/wp\/v2\/posts"}],"about":[{"href":"https:\/\/sertv.gob.pa\/nacionalfm\/wp-json\/wp\/v2\/types\/post"}],"author":[{"embeddable":true,"href":"https:\/\/sertv.gob.pa\/nacionalfm\/wp-json\/wp\/v2\/users\/1"}],"replies":[{"embeddable":true,"href":"https:\/\/sertv.gob.pa\/nacionalfm\/wp-json\/wp\/v2\/comments?post=3511"}],"version-history":[{"count":0,"href":"https:\/\/sertv.gob.pa\/nacionalfm\/wp-json\/wp\/v2\/posts\/3511\/revisions"}],"wp:featuredmedia":[{"embeddable":true,"href":"https:\/\/sertv.gob.pa\/nacionalfm\/wp-json\/wp\/v2\/media\/3512"}],"wp:attachment":[{"href":"https:\/\/sertv.gob.pa\/nacionalfm\/wp-json\/wp\/v2\/media?parent=3511"}],"wp:term":[{"taxonomy":"category","embeddable":true,"href":"https:\/\/sertv.gob.pa\/nacionalfm\/wp-json\/wp\/v2\/categories?post=3511"},{"taxonomy":"post_tag","embeddable":true,"href":"https:\/\/sertv.gob.pa\/nacionalfm\/wp-json\/wp\/v2\/tags?post=3511"}],"curies":[{"name":"wp","href":"https:\/\/api.w.org\/{rel}","templated":true}]}}