{"id":353,"date":"2014-07-17T05:00:00","date_gmt":"2014-07-17T05:00:00","guid":{"rendered":""},"modified":"2014-07-17T05:00:00","modified_gmt":"2014-07-17T05:00:00","slug":"casos-del-mal-de-alzheimer-bajan-en-paises-avanzados","status":"publish","type":"post","link":"https:\/\/sertv.gob.pa\/nacionalfm\/casos-del-mal-de-alzheimer-bajan-en-paises-avanzados\/","title":{"rendered":"Casos del mal de alzh\u00e9imer bajan en pa\u00edses avanzados"},"content":{"rendered":"<p>Los casos del mal de Alzheimer y otras enfermedades degenerativas del cerebro est\u00e1n disminuyendo en Estados Unidos y otros pa\u00edses pr\u00f3speros, una buena noticia en la lucha contra una enfermedad que sigue sucediendo porque la longevidad humana va en aumento, demuestran estudios. <\/p>\n<p>Un estadounidense mayor de 60 a\u00f1os tiene 44% menos probabilidad de padecer demencia que una persona de esa misma edad hace 30 a\u00f1os, demuestra el mayor estudio de ese tipo de enfermedades efectuado en Estados Unidos. <\/p>\n<p>&ldquo;Para un individuo, el peligro de sufrir la atrofia cerebral al parecer ha disminuido&rdquo;, probablemente gracias a la educaci\u00f3n y al menor riesgo de factores perjudiciales como el colesterol y la presi\u00f3n arterial, declar\u00f3 el doctor Kenneth Langa.\u00a0 @nacionalFm<br \/>\n\u00a0\u00a0<br \/>\n\u00a0<\/p>\n","protected":false},"excerpt":{"rendered":"<p>Los casos del mal de Alzheimer y otras enfermedades degenerativas <a href=\"https:\/\/sertv.gob.pa\/nacionalfm\/casos-del-mal-de-alzheimer-bajan-en-paises-avanzados\/\"> [&#8230;]<\/a><\/p>\n","protected":false},"author":1,"featured_media":354,"comment_status":"closed","ping_status":"closed","sticky":false,"template":"","format":"standard","meta":{"footnotes":""},"categories":[5],"tags":[],"class_list":["post-353","post","type-post","status-publish","format-standard","has-post-thumbnail","hentry","category-salud"],"_links":{"self":[{"href":"https:\/\/sertv.gob.pa\/nacionalfm\/wp-json\/wp\/v2\/posts\/353","targetHints":{"allow":["GET"]}}],"collection":[{"href":"https:\/\/sertv.gob.pa\/nacionalfm\/wp-json\/wp\/v2\/posts"}],"about":[{"href":"https:\/\/sertv.gob.pa\/nacionalfm\/wp-json\/wp\/v2\/types\/post"}],"author":[{"embeddable":true,"href":"https:\/\/sertv.gob.pa\/nacionalfm\/wp-json\/wp\/v2\/users\/1"}],"replies":[{"embeddable":true,"href":"https:\/\/sertv.gob.pa\/nacionalfm\/wp-json\/wp\/v2\/comments?post=353"}],"version-history":[{"count":0,"href":"https:\/\/sertv.gob.pa\/nacionalfm\/wp-json\/wp\/v2\/posts\/353\/revisions"}],"wp:featuredmedia":[{"embeddable":true,"href":"https:\/\/sertv.gob.pa\/nacionalfm\/wp-json\/wp\/v2\/media\/354"}],"wp:attachment":[{"href":"https:\/\/sertv.gob.pa\/nacionalfm\/wp-json\/wp\/v2\/media?parent=353"}],"wp:term":[{"taxonomy":"category","embeddable":true,"href":"https:\/\/sertv.gob.pa\/nacionalfm\/wp-json\/wp\/v2\/categories?post=353"},{"taxonomy":"post_tag","embeddable":true,"href":"https:\/\/sertv.gob.pa\/nacionalfm\/wp-json\/wp\/v2\/tags?post=353"}],"curies":[{"name":"wp","href":"https:\/\/api.w.org\/{rel}","templated":true}]}}