{"id":355,"date":"2014-07-17T05:00:00","date_gmt":"2014-07-17T05:00:00","guid":{"rendered":""},"modified":"2014-07-17T05:00:00","modified_gmt":"2014-07-17T05:00:00","slug":"cambio-de-temperatura-un-peligro","status":"publish","type":"post","link":"https:\/\/sertv.gob.pa\/nacionalfm\/cambio-de-temperatura-un-peligro\/","title":{"rendered":"Cambio de temperatura, un peligro"},"content":{"rendered":"<p>Al hallarnos en un clima tropical h\u00famedo y contar con un aire acondicionado en casas u oficinas, con temperaturas entre 20\u00b0C y 18\u00b0C, corremos el riesgo de reducir nuestras defensas y ser propensos a contraer enfermedades. <\/p>\n<p>Esto lo explica el doctor Israel Cede\u00f1o, quien indic\u00f3 que el cambio brusco de temperatura provoca que aumente el peligro de que el sistema inmunol\u00f3gico se haga m\u00e1s d\u00e9bil. <\/p>\n<p>Lo mismo opina el presidente de la SPIA, Ricardo Alberto Robles, quien mencion\u00f3 que &lsquo;luego de estar bajo temperaturas mecanizadas y no controladas, saldremos a la realidad en donde encontramos 29\u00b0C a 30\u00b0C&rsquo;, lo que puede causar resfriados e incluso alergias. <\/p>\n<p>El doctor Cede\u00f1o record\u00f3 que los aires acondicionados son para adecuar la temperatura, no para darnos otro clima. @nacionalFm<br \/>\n\u00a0<br \/>\n\u00a0<\/p>\n","protected":false},"excerpt":{"rendered":"<p>Al hallarnos en un clima tropical h\u00famedo y contar con <a href=\"https:\/\/sertv.gob.pa\/nacionalfm\/cambio-de-temperatura-un-peligro\/\"> [&#8230;]<\/a><\/p>\n","protected":false},"author":1,"featured_media":356,"comment_status":"closed","ping_status":"closed","sticky":false,"template":"","format":"standard","meta":{"footnotes":""},"categories":[5],"tags":[],"class_list":["post-355","post","type-post","status-publish","format-standard","has-post-thumbnail","hentry","category-salud"],"_links":{"self":[{"href":"https:\/\/sertv.gob.pa\/nacionalfm\/wp-json\/wp\/v2\/posts\/355","targetHints":{"allow":["GET"]}}],"collection":[{"href":"https:\/\/sertv.gob.pa\/nacionalfm\/wp-json\/wp\/v2\/posts"}],"about":[{"href":"https:\/\/sertv.gob.pa\/nacionalfm\/wp-json\/wp\/v2\/types\/post"}],"author":[{"embeddable":true,"href":"https:\/\/sertv.gob.pa\/nacionalfm\/wp-json\/wp\/v2\/users\/1"}],"replies":[{"embeddable":true,"href":"https:\/\/sertv.gob.pa\/nacionalfm\/wp-json\/wp\/v2\/comments?post=355"}],"version-history":[{"count":0,"href":"https:\/\/sertv.gob.pa\/nacionalfm\/wp-json\/wp\/v2\/posts\/355\/revisions"}],"wp:featuredmedia":[{"embeddable":true,"href":"https:\/\/sertv.gob.pa\/nacionalfm\/wp-json\/wp\/v2\/media\/356"}],"wp:attachment":[{"href":"https:\/\/sertv.gob.pa\/nacionalfm\/wp-json\/wp\/v2\/media?parent=355"}],"wp:term":[{"taxonomy":"category","embeddable":true,"href":"https:\/\/sertv.gob.pa\/nacionalfm\/wp-json\/wp\/v2\/categories?post=355"},{"taxonomy":"post_tag","embeddable":true,"href":"https:\/\/sertv.gob.pa\/nacionalfm\/wp-json\/wp\/v2\/tags?post=355"}],"curies":[{"name":"wp","href":"https:\/\/api.w.org\/{rel}","templated":true}]}}