{"id":3551,"date":"2015-01-20T05:00:00","date_gmt":"2015-01-20T05:00:00","guid":{"rendered":""},"modified":"2015-01-20T05:00:00","modified_gmt":"2015-01-20T05:00:00","slug":"minsa-adopta-medidas-tras-brote-de-sarampion","status":"publish","type":"post","link":"https:\/\/sertv.gob.pa\/nacionalfm\/minsa-adopta-medidas-tras-brote-de-sarampion\/","title":{"rendered":"Minsa adopta medidas tras brote de sarampi\u00f3n"},"content":{"rendered":"<p>\n Autoridades del Ministerio de Salud (Minsa) dieron a conocer, en conferencia de prensa, algunas de las medidas adoptadas para viajeros ante brote de sarampi\u00f3n en Estados Unidos y M\u00e9xico.  <\/p>\n<p>Asegur\u00f3 que en Panam\u00e1 no hay casos, sin embargo la vigilancia se mantiene. \u00abLa vacuna no se pondr\u00e1 en aeropuerto. Es necesario acudir a su centro salud m\u00e1s cercano\u00bb, se\u00f1al\u00f3 la Doctora \u00a0Itza de Mosca. <\/p>\n<p> \u00abSi es viajero hacia Disneylandia &#8211; Estados Unidos, donde se ha detectado el brote, es importante se aplique vacuna\u00bb, dijo De Mosca.  <\/p>\n<p>La funcionaria solicit\u00f3 a los padres de familia que aprovechen que los ni\u00f1os est\u00e1n de vacaciones para vacunarlos, sobre todo si se disponen a viajar. \u00abPanam\u00e1 tiene buenos indicadores de vacunaci\u00f3n. El Sarampi\u00f3n puede llegar, pero no para quedarse\u00bb, indic\u00f3 la Doctora Itzel Hewit. <\/p>\n<p> A\u00f1adi\u00f3 que el \u00faltimo caso de Sarampi\u00f3n en Panam\u00e1 fue en 1995 (procedente del extranjero, en 2002); en estos momentos estamos libre de Sarampi\u00f3n.  <\/p>\n<p>\u00a0 <\/p>\n<p>\u00a0 <\/p>\n","protected":false},"excerpt":{"rendered":"<p>Autoridades del Ministerio de Salud (Minsa) dieron a conocer, en <a href=\"https:\/\/sertv.gob.pa\/nacionalfm\/minsa-adopta-medidas-tras-brote-de-sarampion\/\"> [&#8230;]<\/a><\/p>\n","protected":false},"author":1,"featured_media":3552,"comment_status":"closed","ping_status":"closed","sticky":false,"template":"","format":"standard","meta":{"footnotes":""},"categories":[5],"tags":[],"class_list":["post-3551","post","type-post","status-publish","format-standard","has-post-thumbnail","hentry","category-salud"],"_links":{"self":[{"href":"https:\/\/sertv.gob.pa\/nacionalfm\/wp-json\/wp\/v2\/posts\/3551","targetHints":{"allow":["GET"]}}],"collection":[{"href":"https:\/\/sertv.gob.pa\/nacionalfm\/wp-json\/wp\/v2\/posts"}],"about":[{"href":"https:\/\/sertv.gob.pa\/nacionalfm\/wp-json\/wp\/v2\/types\/post"}],"author":[{"embeddable":true,"href":"https:\/\/sertv.gob.pa\/nacionalfm\/wp-json\/wp\/v2\/users\/1"}],"replies":[{"embeddable":true,"href":"https:\/\/sertv.gob.pa\/nacionalfm\/wp-json\/wp\/v2\/comments?post=3551"}],"version-history":[{"count":0,"href":"https:\/\/sertv.gob.pa\/nacionalfm\/wp-json\/wp\/v2\/posts\/3551\/revisions"}],"wp:featuredmedia":[{"embeddable":true,"href":"https:\/\/sertv.gob.pa\/nacionalfm\/wp-json\/wp\/v2\/media\/3552"}],"wp:attachment":[{"href":"https:\/\/sertv.gob.pa\/nacionalfm\/wp-json\/wp\/v2\/media?parent=3551"}],"wp:term":[{"taxonomy":"category","embeddable":true,"href":"https:\/\/sertv.gob.pa\/nacionalfm\/wp-json\/wp\/v2\/categories?post=3551"},{"taxonomy":"post_tag","embeddable":true,"href":"https:\/\/sertv.gob.pa\/nacionalfm\/wp-json\/wp\/v2\/tags?post=3551"}],"curies":[{"name":"wp","href":"https:\/\/api.w.org\/{rel}","templated":true}]}}