{"id":3555,"date":"2015-01-20T05:00:00","date_gmt":"2015-01-20T05:00:00","guid":{"rendered":""},"modified":"2015-01-20T05:00:00","modified_gmt":"2015-01-20T05:00:00","slug":"vacunas-son-68-veces-mas-caras-que-en-2001","status":"publish","type":"post","link":"https:\/\/sertv.gob.pa\/nacionalfm\/vacunas-son-68-veces-mas-caras-que-en-2001\/","title":{"rendered":"Vacunas son 68 veces m\u00e1s caras que en 2001"},"content":{"rendered":"<p>\nLa organizaci\u00f3n no gubernamental M\u00e9dicos sin Fronteras (MSF) solicit\u00f3 a las empresas farmac\u00e9uticas disminuir el precio de las vacunas para ni\u00f1os y cambiar la manera en la que se producen y venden. <\/p>\n<p>Un informe de MSF dice que el paquete m\u00e1s com\u00fan de vacunaci\u00f3n es hoy en d\u00eda 68 veces m\u00e1s caro de lo que era en 2001, un costo exorbitante para algunos pa\u00edses. <\/p>\n<p>El informe critica la falta de transparencia sobre los precios, diciendo que algunos pa\u00edses en v\u00edas de desarrollo pagan m\u00e1s que pa\u00edses desarrollados por vacunas como la neumoc\u00f3cica, y cita a Francia como ejemplo. <\/p>\n<p>\u00a0 <\/p>\n","protected":false},"excerpt":{"rendered":"<p>La organizaci\u00f3n no gubernamental M\u00e9dicos sin Fronteras (MSF) solicit\u00f3 a <a href=\"https:\/\/sertv.gob.pa\/nacionalfm\/vacunas-son-68-veces-mas-caras-que-en-2001\/\"> [&#8230;]<\/a><\/p>\n","protected":false},"author":1,"featured_media":3556,"comment_status":"closed","ping_status":"closed","sticky":false,"template":"","format":"standard","meta":{"footnotes":""},"categories":[5],"tags":[],"class_list":["post-3555","post","type-post","status-publish","format-standard","has-post-thumbnail","hentry","category-salud"],"_links":{"self":[{"href":"https:\/\/sertv.gob.pa\/nacionalfm\/wp-json\/wp\/v2\/posts\/3555","targetHints":{"allow":["GET"]}}],"collection":[{"href":"https:\/\/sertv.gob.pa\/nacionalfm\/wp-json\/wp\/v2\/posts"}],"about":[{"href":"https:\/\/sertv.gob.pa\/nacionalfm\/wp-json\/wp\/v2\/types\/post"}],"author":[{"embeddable":true,"href":"https:\/\/sertv.gob.pa\/nacionalfm\/wp-json\/wp\/v2\/users\/1"}],"replies":[{"embeddable":true,"href":"https:\/\/sertv.gob.pa\/nacionalfm\/wp-json\/wp\/v2\/comments?post=3555"}],"version-history":[{"count":0,"href":"https:\/\/sertv.gob.pa\/nacionalfm\/wp-json\/wp\/v2\/posts\/3555\/revisions"}],"wp:featuredmedia":[{"embeddable":true,"href":"https:\/\/sertv.gob.pa\/nacionalfm\/wp-json\/wp\/v2\/media\/3556"}],"wp:attachment":[{"href":"https:\/\/sertv.gob.pa\/nacionalfm\/wp-json\/wp\/v2\/media?parent=3555"}],"wp:term":[{"taxonomy":"category","embeddable":true,"href":"https:\/\/sertv.gob.pa\/nacionalfm\/wp-json\/wp\/v2\/categories?post=3555"},{"taxonomy":"post_tag","embeddable":true,"href":"https:\/\/sertv.gob.pa\/nacionalfm\/wp-json\/wp\/v2\/tags?post=3555"}],"curies":[{"name":"wp","href":"https:\/\/api.w.org\/{rel}","templated":true}]}}