{"id":357,"date":"2014-07-17T05:00:00","date_gmt":"2014-07-17T05:00:00","guid":{"rendered":""},"modified":"2014-07-17T05:00:00","modified_gmt":"2014-07-17T05:00:00","slug":"epidemia-de-vih-sida-se-expande-en-el-mundo-entre-gays","status":"publish","type":"post","link":"https:\/\/sertv.gob.pa\/nacionalfm\/epidemia-de-vih-sida-se-expande-en-el-mundo-entre-gays\/","title":{"rendered":"Epidemia de VIH-SIDA se expande en el mundo entre gays"},"content":{"rendered":"<p>El n\u00famero de contagios con el virus del VIH-SIDA entre hombres que mantienen relaciones sexuales con otros hombres est\u00e1 creciendo en todo el mundo, una tendencia mundial que deber\u00eda hacer sonar la voz de alarma sobre la capacidad de controlar la epidemia. <\/p>\n<p>\u00abHay una tendencia global que es el crecimiento de la epidemia entre los gays, entre los hombres que mantienen relaciones sexuales con otros hombres. Est\u00e1 sucediendo en todas las regiones sin excepci\u00f3n alguna\u00bb, afirm\u00f3 en una entrevista con Efe Luiz Loures, director ejecutivo adjunto de ONUSIDA, la agencia de Naciones Unidas que lucha contra la enfermedad. <\/p>\n<p>Las razones para que esto ocurra son varias e interrelacionadas entre s\u00ed. <\/p>\n<p>Por un lado cada vez m\u00e1s los hombres tienen relaciones sexuales desprotegidas, \u00abporque la nueva generaci\u00f3n no ha vivido la epidemia de los a\u00f1os ochenta\u00bb. <\/p>\n<p>Por otro lado, existe y funciona el tratamiento con antirretrovirales y por lo tanto no se percibe el miedo a la muerte tras el contagio de la enfermedad. <\/p>\n<p>\u00abExiste cierta complacencia con la enfermedad, lo que es muy peligroso porque \u00e9sta puede ser mortal\u00bb, alert\u00f3 Loures. <\/p>\n<p>Otro aspecto que incide en el aumento de casos es el hecho de que, seg\u00fan algunos estudios, el 60% de los encuentros sexuales se dan tras un contacto en internet. @nacionalFm <\/p>\n<p>\u00a0<br \/>\n\u00a0<\/p>\n","protected":false},"excerpt":{"rendered":"<p>El n\u00famero de contagios con el virus del VIH-SIDA entre <a href=\"https:\/\/sertv.gob.pa\/nacionalfm\/epidemia-de-vih-sida-se-expande-en-el-mundo-entre-gays\/\"> [&#8230;]<\/a><\/p>\n","protected":false},"author":1,"featured_media":358,"comment_status":"closed","ping_status":"closed","sticky":false,"template":"","format":"standard","meta":{"footnotes":""},"categories":[5],"tags":[],"class_list":["post-357","post","type-post","status-publish","format-standard","has-post-thumbnail","hentry","category-salud"],"_links":{"self":[{"href":"https:\/\/sertv.gob.pa\/nacionalfm\/wp-json\/wp\/v2\/posts\/357","targetHints":{"allow":["GET"]}}],"collection":[{"href":"https:\/\/sertv.gob.pa\/nacionalfm\/wp-json\/wp\/v2\/posts"}],"about":[{"href":"https:\/\/sertv.gob.pa\/nacionalfm\/wp-json\/wp\/v2\/types\/post"}],"author":[{"embeddable":true,"href":"https:\/\/sertv.gob.pa\/nacionalfm\/wp-json\/wp\/v2\/users\/1"}],"replies":[{"embeddable":true,"href":"https:\/\/sertv.gob.pa\/nacionalfm\/wp-json\/wp\/v2\/comments?post=357"}],"version-history":[{"count":0,"href":"https:\/\/sertv.gob.pa\/nacionalfm\/wp-json\/wp\/v2\/posts\/357\/revisions"}],"wp:featuredmedia":[{"embeddable":true,"href":"https:\/\/sertv.gob.pa\/nacionalfm\/wp-json\/wp\/v2\/media\/358"}],"wp:attachment":[{"href":"https:\/\/sertv.gob.pa\/nacionalfm\/wp-json\/wp\/v2\/media?parent=357"}],"wp:term":[{"taxonomy":"category","embeddable":true,"href":"https:\/\/sertv.gob.pa\/nacionalfm\/wp-json\/wp\/v2\/categories?post=357"},{"taxonomy":"post_tag","embeddable":true,"href":"https:\/\/sertv.gob.pa\/nacionalfm\/wp-json\/wp\/v2\/tags?post=357"}],"curies":[{"name":"wp","href":"https:\/\/api.w.org\/{rel}","templated":true}]}}