{"id":35723,"date":"2019-02-11T19:39:51","date_gmt":"2019-02-11T19:39:51","guid":{"rendered":"https:\/\/sertv.gob.pa\/nacionalfm\/?p=35723"},"modified":"2019-02-11T19:39:51","modified_gmt":"2019-02-11T19:39:51","slug":"en-marcha-proceso-de-licitacion-para-edificacion-de-la-comarca-ngobe-bugle","status":"publish","type":"post","link":"https:\/\/sertv.gob.pa\/nacionalfm\/en-marcha-proceso-de-licitacion-para-edificacion-de-la-comarca-ngobe-bugle\/","title":{"rendered":"En marcha proceso de licitaci\u00f3n para edificaci\u00f3n de la Comarca Ng\u00f6be Bugl\u00e9"},"content":{"rendered":"<p>El ministro de Gobierno, Carlos Rubio, firm\u00f3 el viernes, 8 de febrero, los t\u00e9rminos de referencia para la construcci\u00f3n de la Gobernaci\u00f3n de la Comarca Ng\u00f6be Bugl\u00e9, proyecto que forma parte de la ciudad gubernamental, que estar\u00e1 ubicada en Llano Tugr\u00ed.<\/p>\n<p>Con la firma de este documento, se dio comienzo al proceso para licitar la construcci\u00f3n de la Gobernaci\u00f3n sobre un terreno de 4 mil 271 metros, con un dise\u00f1o conceptuado como sitio tur\u00edstico el cual incluir\u00e1 murales representativos de la historia de la comarca. El proceso de licitaci\u00f3n se realizar\u00eda durante los pr\u00f3ximos 60 d\u00edas, a partir de la fecha de esta firma, \u00a0por representantes del Programa de Naciones Unidas para el Desarrollo (PNUD), a trav\u00e9s del proyecto \u201cApoyo al Programa de Reformas para el Ministerio de Gobierno\u201d.<\/p>\n<p>En ese sentido, el ministro Rubio, enfatiz\u00f3, que con la Gobernaci\u00f3n se da el inicio de la construcci\u00f3n de la ciudad gubernamental (Ciudad B\u00fcabti), que contar\u00e1 con entidades gubernamentales para garantizar la educaci\u00f3n, agua, vivienda, entre otras y se har\u00e1 respetando las tradiciones y cosmovisi\u00f3n de los ind\u00edgenas Ng\u00f6be Bugl\u00e9.<\/p>\n<p>\u201cEsta ciudad gubernamental, va a ser pionera y con esto Panam\u00e1 rompe un hito y se acerca m\u00e1s del crecimiento econ\u00f3mico hacia el desarrollo econ\u00f3mico, teniendo un pa\u00eds m\u00e1s justo\u201d expres\u00f3 Rubio.<\/p>\n<p>El PNUD, como socio estrat\u00e9gico del MINGOB, en este proyecto, gerenci\u00f3 los estudios de factibilidad socioecon\u00f3mico, t\u00e9cnico, financiero, de impacto ambiental, desarrollo de los planos y especificaciones t\u00e9cnicas para la ejecuci\u00f3n de este proyecto.<\/p>\n<p>Cabe recordar, que en octubre del a\u00f1o pasado, el ministro Rubio hizo entrega del modelo conceptual del edificio que albergar\u00e1 la Gobernaci\u00f3n al gobernador de la comarca Ng\u00f6be Bugl\u00e9, Samuel Amador y a las autoridades tradicionales de la comarca durante una reuni\u00f3n de gobernadores efectuada en Llano Tugr\u00ed. La Gobernaci\u00f3n tambi\u00e9n incluye la construcci\u00f3n del edificio del Congreso General, que tendr\u00e1 capacidad para 4 mil personas y que funcionar\u00e1 como un lugar multiuso. Adicional a esto, se edificar\u00e1 la casa de las autoridades tradicionales.<\/p>\n<p>Para esta gesti\u00f3n, la firma se llev\u00f3 a cabo, en presencia del director de Planificaci\u00f3n del MINGOB, Carlos Bland\u00f3n; la administradora senior del Proyecto PNUD-MINGOB y el ingeniero de Proyecto del PNUD, Gregorio Montecer.<\/p>\n<p>&nbsp;<\/p>\n","protected":false},"excerpt":{"rendered":"<p>El ministro de Gobierno, Carlos Rubio, firm\u00f3 el viernes, 8 <a href=\"https:\/\/sertv.gob.pa\/nacionalfm\/en-marcha-proceso-de-licitacion-para-edificacion-de-la-comarca-ngobe-bugle\/\"> [&#8230;]<\/a><\/p>\n","protected":false},"author":9,"featured_media":35725,"comment_status":"closed","ping_status":"closed","sticky":false,"template":"","format":"standard","meta":{"footnotes":""},"categories":[1],"tags":[],"class_list":["post-35723","post","type-post","status-publish","format-standard","has-post-thumbnail","hentry","category-sin-categoria"],"_links":{"self":[{"href":"https:\/\/sertv.gob.pa\/nacionalfm\/wp-json\/wp\/v2\/posts\/35723","targetHints":{"allow":["GET"]}}],"collection":[{"href":"https:\/\/sertv.gob.pa\/nacionalfm\/wp-json\/wp\/v2\/posts"}],"about":[{"href":"https:\/\/sertv.gob.pa\/nacionalfm\/wp-json\/wp\/v2\/types\/post"}],"author":[{"embeddable":true,"href":"https:\/\/sertv.gob.pa\/nacionalfm\/wp-json\/wp\/v2\/users\/9"}],"replies":[{"embeddable":true,"href":"https:\/\/sertv.gob.pa\/nacionalfm\/wp-json\/wp\/v2\/comments?post=35723"}],"version-history":[{"count":1,"href":"https:\/\/sertv.gob.pa\/nacionalfm\/wp-json\/wp\/v2\/posts\/35723\/revisions"}],"predecessor-version":[{"id":35726,"href":"https:\/\/sertv.gob.pa\/nacionalfm\/wp-json\/wp\/v2\/posts\/35723\/revisions\/35726"}],"wp:featuredmedia":[{"embeddable":true,"href":"https:\/\/sertv.gob.pa\/nacionalfm\/wp-json\/wp\/v2\/media\/35725"}],"wp:attachment":[{"href":"https:\/\/sertv.gob.pa\/nacionalfm\/wp-json\/wp\/v2\/media?parent=35723"}],"wp:term":[{"taxonomy":"category","embeddable":true,"href":"https:\/\/sertv.gob.pa\/nacionalfm\/wp-json\/wp\/v2\/categories?post=35723"},{"taxonomy":"post_tag","embeddable":true,"href":"https:\/\/sertv.gob.pa\/nacionalfm\/wp-json\/wp\/v2\/tags?post=35723"}],"curies":[{"name":"wp","href":"https:\/\/api.w.org\/{rel}","templated":true}]}}